{"id":9756,"date":"2025-09-08T14:56:51","date_gmt":"2025-09-08T17:56:51","guid":{"rendered":"https:\/\/blog.grupoportfolio.com.br\/portfolio-gestao\/?p=9756"},"modified":"2026-02-09T15:20:51","modified_gmt":"2026-02-09T18:20:51","slug":"cearapar-implementa-modelo-estruturado-de-gestao-de-projetos","status":"publish","type":"post","link":"https:\/\/blog.grupoportfolio.com.br\/portfolio-gestao\/2025\/09\/08\/cearapar-implementa-modelo-estruturado-de-gestao-de-projetos\/","title":{"rendered":"CearaPar implementa modelo estruturado de gest\u00e3o de projetos"},"content":{"rendered":"<p>[vc_row][vc_column][vc_column_text]A busca por efici\u00eancia, governan\u00e7a e inova\u00e7\u00e3o na gest\u00e3o p\u00fablica tem sido um dos pilares da atua\u00e7\u00e3o da Portfolio Gest\u00e3o, unidade do Grupo Portfolio especializada na transforma\u00e7\u00e3o de processos e projetos em organiza\u00e7\u00f5es p\u00fablicas e privadas.<\/p>\n<p>O trabalho realizado junto \u00e0 CearaPar \u2013 Companhia de Participa\u00e7\u00f5es do Estado do Cear\u00e1, \u00e9 um exemplo dessa atua\u00e7\u00e3o. A organiza\u00e7\u00e3o que enfrentava desafios relacionados \u00e0 gest\u00e3o de seus projetos estrat\u00e9gicos. Com uma abordagem estruturada e personalizada, a Portfolio Gest\u00e3o atuou por sete meses ao lado da equipe da CearaPar para redesenhar processos, implementar um PMO e fortalecer a governan\u00e7a organizacional.[\/vc_column_text][vc_text_separator title=&#8221;An\u00e1lise do Cen\u00e1rio&#8221; i_icon_fontawesome=&#8221;far fa-clipboard&#8221; i_color=&#8221;chino&#8221; color=&#8221;chino&#8221; add_icon=&#8221;true&#8221;][vc_column_text]A CearaPar apresentava dificuldades que comprometiam sua efici\u00eancia operacional e a execu\u00e7\u00e3o de projetos estrat\u00e9gicos, entre elas:<\/p>\n<ul>\n<li>Falta de efici\u00eancia nos processos internos de gest\u00e3o de projetos;<\/li>\n<li>Aus\u00eancia de um modelo claro de governan\u00e7a;<\/li>\n<li>Dificuldade na consolida\u00e7\u00e3o e an\u00e1lise de dados;<\/li>\n<li>M\u00e9todos e ferramentas sem padroniza\u00e7\u00e3o;<\/li>\n<li>Processos operacionais desatualizados.<\/li>\n<\/ul>\n<p>[\/vc_column_text][vc_text_separator title=&#8221;Escopo&#8221; i_icon_fontawesome=&#8221;fas fa-network-wired&#8221; i_color=&#8221;chino&#8221; color=&#8221;chino&#8221; add_icon=&#8221;true&#8221;][vc_column_text]Ao longo dos sete meses de trabalho, a iniciativa contou com a participa\u00e7\u00e3o direta de tr\u00eas profissionais da Portfolio Gest\u00e3o, um coordenador, um gerente de projetos e um analista de processos e o envolvimento ativo de 25 colaboradores da CearaPar.<\/p>\n<p>Durante esse per\u00edodo, foi poss\u00edvel observar a implementa\u00e7\u00e3o pr\u00e1tica das melhorias propostas, al\u00e9m do surgimento de insights e percep\u00e7\u00f5es estrat\u00e9gicas por parte das equipes. Tamb\u00e9m houve um aumento significativo da visibilidade e do controle sobre os projetos estrat\u00e9gicos, fortalecendo a capacidade de tomada de decis\u00e3o e a efici\u00eancia organizacional.<\/p>\n<div class=\"mceTemp\"><\/div>\n<p><img data-recalc-dims=\"1\" fetchpriority=\"high\" decoding=\"async\" class=\"aligncenter wp-image-9757 size-large\" src=\"https:\/\/i0.wp.com\/blog.grupoportfolio.com.br\/portfolio-formacao\/wp-content\/uploads\/sites\/3\/2025\/09\/WhatsApp-Image-2025-07-28-at-15.40.15.jpeg?resize=1024%2C576&#038;ssl=1\" alt=\"\" width=\"1024\" height=\"576\" srcset=\"https:\/\/i0.wp.com\/blog.grupoportfolio.com.br\/portfolio-formacao\/wp-content\/uploads\/sites\/3\/2025\/09\/WhatsApp-Image-2025-07-28-at-15.40.15.jpeg?resize=1024%2C576&amp;ssl=1 1024w, https:\/\/i0.wp.com\/blog.grupoportfolio.com.br\/portfolio-formacao\/wp-content\/uploads\/sites\/3\/2025\/09\/WhatsApp-Image-2025-07-28-at-15.40.15.jpeg?resize=300%2C169&amp;ssl=1 300w, https:\/\/i0.wp.com\/blog.grupoportfolio.com.br\/portfolio-formacao\/wp-content\/uploads\/sites\/3\/2025\/09\/WhatsApp-Image-2025-07-28-at-15.40.15.jpeg?resize=768%2C432&amp;ssl=1 768w, https:\/\/i0.wp.com\/blog.grupoportfolio.com.br\/portfolio-formacao\/wp-content\/uploads\/sites\/3\/2025\/09\/WhatsApp-Image-2025-07-28-at-15.40.15.jpeg?resize=1536%2C864&amp;ssl=1 1536w, https:\/\/i0.wp.com\/blog.grupoportfolio.com.br\/portfolio-formacao\/wp-content\/uploads\/sites\/3\/2025\/09\/WhatsApp-Image-2025-07-28-at-15.40.15.jpeg?w=1600&amp;ssl=1 1600w\" sizes=\"(max-width: 1000px) 100vw, 1000px\" \/><\/p>\n<p>[\/vc_column_text][vc_text_separator title=&#8221;Alguns n\u00fameros&#8221; i_icon_fontawesome=&#8221;fas fa-list-ol&#8221; i_color=&#8221;chino&#8221; color=&#8221;chino&#8221; add_icon=&#8221;true&#8221;][vc_column_text]<\/p>\n<ul>\n<li>Portf\u00f3lio de Projetos estruturado &#8211; 1<\/li>\n<li>Painel de Gest\u00e3o de Portf\u00f3lio e Projetos desenvolvido &#8211; 1<\/li>\n<li>Artefatos desenvolvidos &#8211; 14<\/li>\n<li>Processos identificados &#8211; 16<\/li>\n<li>Processos mapeados (As Is e To Be) &#8211; 12<\/li>\n<li>Oportunidades de melhorias identificadas \u2013 50<\/li>\n<\/ul>\n<p>[\/vc_column_text][vc_text_separator title=&#8221;Impacto positivo&#8221; i_icon_fontawesome=&#8221;fas fa-plus&#8221; i_color=&#8221;chino&#8221; color=&#8221;chino&#8221; add_icon=&#8221;true&#8221;][vc_column_text]- Maior controle e visibilidade sobre os projetos estrat\u00e9gico;<\/p>\n<p>&#8211; Redu\u00e7\u00e3o de retrabalho e aumento da produtividade;<\/p>\n<p>&#8211; Melhoria na comunica\u00e7\u00e3o entre \u00e1reas;<\/p>\n<p>&#8211; Capacita\u00e7\u00e3o das equipes;<\/p>\n<p>&#8211; Base estruturada para futuras iniciativas de inova\u00e7\u00e3o e transforma\u00e7\u00e3o digital;[\/vc_column_text][vc_text_separator title=&#8221;Solu\u00e7\u00f5es implementadas&#8221; i_icon_fontawesome=&#8221;fas fa-walking&#8221; i_color=&#8221;chino&#8221; color=&#8221;chino&#8221; add_icon=&#8221;true&#8221;][vc_column_text]<\/p>\n<ol>\n<li><strong>Implanta\u00e7\u00e3o do PMO (Project Management Office)<\/strong>A primeira etapa do trabalho foi o alinhamento estrat\u00e9gico com a alta lideran\u00e7a da CearaPar. Em seguida, foi realizado um diagn\u00f3stico completo da maturidade em gest\u00e3o de projetos, que permitiu:<\/li>\n<\/ol>\n<ul>\n<li>Definir os servi\u00e7os do PMO;<\/li>\n<li>Estruturar a governan\u00e7a e metodologias;<\/li>\n<li>Criar templates e fluxos de trabalho;<\/li>\n<li>Estabelecer pap\u00e9is e responsabilidades claros;<\/li>\n<li>Implementar ferramentas adequadas para o monitoramento e controle dos projetos.<\/li>\n<\/ul>\n<ol start=\"2\">\n<li><strong>An\u00e1lise e Redesenho de Processos<br \/>\n<\/strong><br \/>\nEm paralelo \u00e0 implanta\u00e7\u00e3o do PMO, foi conduzido um processo de revis\u00e3o e redesenho dos processos internos, que incluiu:<\/li>\n<\/ol>\n<ul>\n<li>Constru\u00e7\u00e3o da Arquitetura de Processos e da Cadeia de Valor;<\/li>\n<li>Prioriza\u00e7\u00e3o dos processos mais cr\u00edticos;<\/li>\n<li>Mapeamento da situa\u00e7\u00e3o atual (As Is) e identifica\u00e7\u00e3o de melhorias;<\/li>\n<li>Defini\u00e7\u00e3o dos fluxos futuros (To Be);<\/li>\n<li>Elabora\u00e7\u00e3o da Matriz de Responsabilidade (RACI);<\/li>\n<li>Cria\u00e7\u00e3o de normativos alinhados aos novos fluxos operacionais.<\/li>\n<\/ul>\n<p>[\/vc_column_text][vc_text_separator title=&#8221;Resultados Alcan\u00e7ados&#8221; i_icon_fontawesome=&#8221;fas fa-walking&#8221; i_color=&#8221;chino&#8221; color=&#8221;chino&#8221; add_icon=&#8221;true&#8221;][vc_column_text]A atua\u00e7\u00e3o integrada entre as equipes da CearaPar e da Portfolio Gest\u00e3o resultou em ganhos expressivos:<\/p>\n<ul>\n<li>Maior controle e visibilidade sobre os projetos estrat\u00e9gicos;<\/li>\n<li>Redu\u00e7\u00e3o de retrabalho e aumento da produtividade;<\/li>\n<li>Melhoria significativa na comunica\u00e7\u00e3o entre as \u00e1reas;<\/li>\n<li>Capacita\u00e7\u00e3o das equipes para os novos processos e metodologias;<\/li>\n<li>Estrutura\u00e7\u00e3o de uma base s\u00f3lida para futuras iniciativas de inova\u00e7\u00e3o e transforma\u00e7\u00e3o digital.<\/li>\n<\/ul>\n<p>[\/vc_column_text][vc_text_separator title=&#8221;Um modelo replic\u00e1vel para o setor p\u00fablico&#8221; i_icon_fontawesome=&#8221;fas fa-walking&#8221; i_color=&#8221;chino&#8221; color=&#8221;chino&#8221; add_icon=&#8221;true&#8221;][vc_column_text]O case da CearaPar demonstra como a gest\u00e3o p\u00fablica pode se beneficiar de abordagens personalizadas em gest\u00e3o de projetos. A Portfolio Gest\u00e3o entrega mais do que solu\u00e7\u00f5es t\u00e9cnicas: promove transfer\u00eancia de conhecimento, engajamento das equipes e entregas com valor real e mensur\u00e1vel.[\/vc_column_text][vc_column_text]<\/p>\n<h1>Sobre a empresa<\/h1>\n<p><img data-recalc-dims=\"1\" decoding=\"async\" class=\"wp-image-9758 size-full alignleft\" src=\"https:\/\/i0.wp.com\/blog.grupoportfolio.com.br\/portfolio-formacao\/wp-content\/uploads\/sites\/3\/2025\/09\/LOGO300X212.png?resize=300%2C212&#038;ssl=1\" alt=\"Logo da empresa cearapar gest\u00e3o de ativos\" width=\"300\" height=\"212\" \/><\/p>\n<p>A Companhia de Participa\u00e7\u00e3o e Gest\u00e3o de Ativos do Cear\u00e1 \u2013 CearaPar \u00e9 uma empresa estatal vinculada \u00e0 Secretaria da Fazenda \u2013 Sefaz\/Ce, com sede e foro na cidade de Fortaleza e prazo de dura\u00e7\u00e3o indeterminado. Autorizada pela Lei Estadual n\u00ba 16.698, de 14 de dezembro de 2018, e regulamentada pelo Decreto Estadual n\u00ba 34.238 de 15 de setembro de 2021.<\/p>\n<p>A CearaPar tem como objeto social gerir ativos componentes de seu patrim\u00f4nio ou do patrim\u00f4nio do Estado do Cear\u00e1 e suas entidades e empresas vinculadas, no intuito de promover a gera\u00e7\u00e3o, otimiza\u00e7\u00e3o e melhor retorno poss\u00edvel, respeitando os riscos e o perfil do Estado pela aplica\u00e7\u00e3o e gest\u00e3o eficiente desses ativos, bem como auxiliar e colaborar nas pol\u00edticas de desenvolvimento econ\u00f4mico do Estado e auxiliar o Tesouro Estadual na administra\u00e7\u00e3o da d\u00edvida p\u00fablica.<\/p>\n<p>Informa\u00e7\u00f5es: CearaPar[\/vc_column_text][\/vc_column][\/vc_row]<\/p>\n","protected":false},"excerpt":{"rendered":"<p>[vc_row][vc_column][vc_column_text]A busca por efici\u00eancia, governan\u00e7a e inova\u00e7\u00e3o na gest\u00e3o p\u00fablica tem sido um dos pilares da atua\u00e7\u00e3o da Portfolio Gest\u00e3o, unidade do Grupo Portfolio especializada na transforma\u00e7\u00e3o de processos e projetos em organiza\u00e7\u00f5es p\u00fablicas e privadas. O trabalho realizado junto \u00e0 CearaPar \u2013 Companhia [&hellip;]<\/p>\n","protected":false},"author":46,"featured_media":9759,"comment_status":"closed","ping_status":"closed","sticky":false,"template":"","format":"standard","meta":{"_jetpack_memberships_contains_paid_content":false,"footnotes":""},"categories":[27,1,40],"tags":[36,62,57,63,64,65],"class_list":["post-9756","post","type-post","status-publish","format-standard","has-post-thumbnail","hentry","category-gestao-de-projetos","category-sem-categoria","category-cases","tag-cases","tag-cearapar","tag-gestao-de-projetos","tag-gestao-publica","tag-inovacao","tag-portfolio-gestaoinovacao"],"aioseo_notices":[],"jetpack_sharing_enabled":true,"jetpack_featured_media_url":"https:\/\/i0.wp.com\/blog.grupoportfolio.com.br\/portfolio-formacao\/wp-content\/uploads\/sites\/3\/2025\/09\/CASES-PORTFOLIO-GESTAO-CEARAPAR-1.jpg?fit=800%2C600&ssl=1","_links":{"self":[{"href":"https:\/\/blog.grupoportfolio.com.br\/portfolio-gestao\/wp-json\/wp\/v2\/posts\/9756","targetHints":{"allow":["GET"]}}],"collection":[{"href":"https:\/\/blog.grupoportfolio.com.br\/portfolio-gestao\/wp-json\/wp\/v2\/posts"}],"about":[{"href":"https:\/\/blog.grupoportfolio.com.br\/portfolio-gestao\/wp-json\/wp\/v2\/types\/post"}],"author":[{"embeddable":true,"href":"https:\/\/blog.grupoportfolio.com.br\/portfolio-gestao\/wp-json\/wp\/v2\/users\/46"}],"replies":[{"embeddable":true,"href":"https:\/\/blog.grupoportfolio.com.br\/portfolio-gestao\/wp-json\/wp\/v2\/comments?post=9756"}],"version-history":[{"count":3,"href":"https:\/\/blog.grupoportfolio.com.br\/portfolio-gestao\/wp-json\/wp\/v2\/posts\/9756\/revisions"}],"predecessor-version":[{"id":9763,"href":"https:\/\/blog.grupoportfolio.com.br\/portfolio-gestao\/wp-json\/wp\/v2\/posts\/9756\/revisions\/9763"}],"wp:featuredmedia":[{"embeddable":true,"href":"https:\/\/blog.grupoportfolio.com.br\/portfolio-gestao\/wp-json\/wp\/v2\/media\/9759"}],"wp:attachment":[{"href":"https:\/\/blog.grupoportfolio.com.br\/portfolio-gestao\/wp-json\/wp\/v2\/media?parent=9756"}],"wp:term":[{"taxonomy":"category","embeddable":true,"href":"https:\/\/blog.grupoportfolio.com.br\/portfolio-gestao\/wp-json\/wp\/v2\/categories?post=9756"},{"taxonomy":"post_tag","embeddable":true,"href":"https:\/\/blog.grupoportfolio.com.br\/portfolio-gestao\/wp-json\/wp\/v2\/tags?post=9756"}],"curies":[{"name":"wp","href":"https:\/\/api.w.org\/{rel}","templated":true}]}}