{"id":9739,"date":"2024-07-23T08:58:53","date_gmt":"2024-07-23T11:58:53","guid":{"rendered":"https:\/\/blog.grupoportfolio.com.br\/portfolio-gestao\/?p=9739"},"modified":"2024-07-23T08:58:53","modified_gmt":"2024-07-23T11:58:53","slug":"como-a-avine-esta-se-destacando-em-inovacao-na-industria-com-a-gestao-de-processos","status":"publish","type":"post","link":"https:\/\/blog.grupoportfolio.com.br\/portfolio-gestao\/2024\/07\/23\/como-a-avine-esta-se-destacando-em-inovacao-na-industria-com-a-gestao-de-processos\/","title":{"rendered":"Como a AVINE est\u00e1 se destacando em inova\u00e7\u00e3o na ind\u00fastria com a Gest\u00e3o de Processos"},"content":{"rendered":"<p>[vc_row][vc_column][vc_column_text]A <strong>gest\u00e3o de processos<\/strong> busca melhorias nos processos organizacionais das empresas, com isso se conquistam melhores resultados por meio do mapeamento da atua\u00e7\u00e3o dos funcion\u00e1rios e indicadores de desempenho.<\/p>\n<p>Desta forma, gest\u00e3o da Avine identificou a oportunidade de melhorar a gest\u00e3o dos seus processos e obter mais assertividade em toda a empresa.<\/p>\n<p>Para esta iniciativa, a empresa contou com a expertise da Portfolio Gest\u00e3o. Confira nesse artigo a jornada de an\u00e1lise e redesenho de processos em toda a empresa.[\/vc_column_text][vc_text_separator title=&#8221;An\u00e1lise do Cen\u00e1rio&#8221; i_icon_fontawesome=&#8221;far fa-clipboard&#8221; i_color=&#8221;chino&#8221; color=&#8221;chino&#8221; add_icon=&#8221;true&#8221;][vc_column_text]Em 2021, a Avine solicitou um projeto de melhoria de processos em toda a empresa, com o apoio da Portfolio Gest\u00e3o. A equipe de consultoria avaliou a <strong>necessidade de melhorias na comunica\u00e7\u00e3o<\/strong> entre as \u00e1reas e da cria\u00e7\u00e3o de SLAs (Service Level Agreement ou Acordo de N\u00edvel de Servi\u00e7os) para estabelecer padr\u00f5es de qualidade. Para tal, a automatiza\u00e7\u00e3o de processos foi apontada como prioridade para gerar as melhorias citadas, entre outras.<\/p>\n<p>Com o diagn\u00f3stico em m\u00e3os, a Portfolio Gest\u00e3o iniciou um trabalho minucioso para <strong>mapear os macroprocessos de toda a empresa<\/strong>, desde os processos prim\u00e1rios aos de suporte.[\/vc_column_text][vc_text_separator title=&#8221;Escopo&#8221; i_icon_fontawesome=&#8221;fas fa-network-wired&#8221; i_color=&#8221;chino&#8221; color=&#8221;chino&#8221; add_icon=&#8221;true&#8221;][vc_column_text]O projeto abrange o mapeamento de 26 \u00e1reas de neg\u00f3cio da Avine. At\u00e9 o momento, foram mapeados 146 dos 271 processos no total em 12 \u00e1reas. Para tal, foi criado um backlog exclusivo para o projeto, onde as demandas s\u00e3o feitas conforme prioriza\u00e7\u00e3o de cada \u00e1rea, com apoio da equipe Portfolio. \u00a0Com as melhorias de cada processo validadas, as equipes acompanham o trabalho de automatiza\u00e7\u00e3o em paralelo \u00e0 etapa seguinte.<\/p>\n<div class=\"mceTemp\"><\/div>\n<figure id=\"attachment_9740\" aria-describedby=\"caption-attachment-9740\" style=\"width: 1024px\" class=\"wp-caption aligncenter\"><img data-recalc-dims=\"1\" fetchpriority=\"high\" decoding=\"async\" class=\"wp-image-9740 size-large\" src=\"https:\/\/i0.wp.com\/blog.grupoportfolio.com.br\/portfolio-formacao\/wp-content\/uploads\/sites\/3\/2024\/07\/WhatsAppImage2024-05-27at09.26.15-1.jpeg?resize=1024%2C768&#038;ssl=1\" alt=\"\" width=\"1024\" height=\"768\" srcset=\"https:\/\/i0.wp.com\/blog.grupoportfolio.com.br\/portfolio-formacao\/wp-content\/uploads\/sites\/3\/2024\/07\/WhatsAppImage2024-05-27at09.26.15-1.jpeg?resize=1024%2C768&amp;ssl=1 1024w, https:\/\/i0.wp.com\/blog.grupoportfolio.com.br\/portfolio-formacao\/wp-content\/uploads\/sites\/3\/2024\/07\/WhatsAppImage2024-05-27at09.26.15-1.jpeg?resize=300%2C225&amp;ssl=1 300w, https:\/\/i0.wp.com\/blog.grupoportfolio.com.br\/portfolio-formacao\/wp-content\/uploads\/sites\/3\/2024\/07\/WhatsAppImage2024-05-27at09.26.15-1.jpeg?resize=768%2C576&amp;ssl=1 768w, https:\/\/i0.wp.com\/blog.grupoportfolio.com.br\/portfolio-formacao\/wp-content\/uploads\/sites\/3\/2024\/07\/WhatsAppImage2024-05-27at09.26.15-1.jpeg?resize=1536%2C1152&amp;ssl=1 1536w, https:\/\/i0.wp.com\/blog.grupoportfolio.com.br\/portfolio-formacao\/wp-content\/uploads\/sites\/3\/2024\/07\/WhatsAppImage2024-05-27at09.26.15-1.jpeg?w=1600&amp;ssl=1 1600w\" sizes=\"(max-width: 1000px) 100vw, 1000px\" \/><figcaption id=\"caption-attachment-9740\" class=\"wp-caption-text\">Time da Portfolio Gest\u00e3o na Avine<\/figcaption><\/figure>\n<p>[\/vc_column_text][vc_text_separator title=&#8221;Alguns n\u00fameros&#8221; i_icon_fontawesome=&#8221;fas fa-list-ol&#8221; i_color=&#8221;chino&#8221; color=&#8221;chino&#8221; add_icon=&#8221;true&#8221;][vc_column_text]<\/p>\n<ul>\n<li>Total de processos na empresa &#8211; 271<\/li>\n<li>Processos mapeados &#8211; 146<\/li>\n<li>Processos a serem mapeados &#8211; 125<\/li>\n<li>\u00c1reas de neg\u00f3cio &#8211; 26<\/li>\n<li>Colaboradores envolvidos no projeto &#8211; 40<\/li>\n<li>Oportunidades de melhorias &#8211; 250 implantadas<\/li>\n<\/ul>\n<p>[\/vc_column_text][vc_text_separator title=&#8221;Impacto positivo&#8221; i_icon_fontawesome=&#8221;fas fa-plus&#8221; i_color=&#8221;chino&#8221; color=&#8221;chino&#8221; add_icon=&#8221;true&#8221;][vc_column_text]At\u00e9 o momento, com mais de 50% dos macroprocessos mapeados, foram observadas, dentre as melhorias:<\/p>\n<ul>\n<li>Otimiza\u00e7\u00e3o do tempo de trabalho com automatiza\u00e7\u00e3o dos processos nos sistemas<\/li>\n<li>Entrega com mais assertividade e rapidez dos fechamentos financeiro, fiscal e cont\u00e1bil<\/li>\n<li>Maior controle e autonomia na gest\u00e3o de Or\u00e7amento e Custos<\/li>\n<li>Melhoria de comunica\u00e7\u00e3o entre as \u00e1reas<\/li>\n<li>Maior controle na produ\u00e7\u00e3o, log\u00edstica e suprimentos<\/li>\n<li>Integra\u00e7\u00e3o entre sistemas e implanta\u00e7\u00e3o de fluxos de trabalho<\/li>\n<\/ul>\n<p>[\/vc_column_text][vc_text_separator title=&#8221;Pr\u00f3ximos Passos&#8221; i_icon_fontawesome=&#8221;fas fa-walking&#8221; i_color=&#8221;chino&#8221; color=&#8221;chino&#8221; add_icon=&#8221;true&#8221;][vc_column_text]A equipe da Portfolio Gest\u00e3o iniciou neste ano uma nova etapa do trabalho na Avine: o mapeamento da \u00e1rea da qualidade em todas as unidades da ind\u00fastria. Com essa etapa, entregaremos o projeto com todos os macroprocessos da Avine reavaliados e melhorados para elevar ainda mais a efici\u00eancia da empresa.[\/vc_column_text][vc_column_text]<\/p>\n<h1>Sobre a empresa<\/h1>\n<p><img data-recalc-dims=\"1\" decoding=\"async\" class=\"size-medium wp-image-9745 alignleft\" src=\"https:\/\/i0.wp.com\/blog.grupoportfolio.com.br\/portfolio-formacao\/wp-content\/uploads\/sites\/3\/2024\/07\/LOGO_AVINE.png?resize=300%2C212&#038;ssl=1\" alt=\"\" width=\"300\" height=\"212\" srcset=\"https:\/\/i0.wp.com\/blog.grupoportfolio.com.br\/portfolio-formacao\/wp-content\/uploads\/sites\/3\/2024\/07\/LOGO_AVINE.png?resize=300%2C212&amp;ssl=1 300w, https:\/\/i0.wp.com\/blog.grupoportfolio.com.br\/portfolio-formacao\/wp-content\/uploads\/sites\/3\/2024\/07\/LOGO_AVINE.png?w=462&amp;ssl=1 462w\" sizes=\"(max-width: 300px) 100vw, 300px\" \/>A Avine \u00e9 uma ind\u00fastria cearense que atua, desde 1992, na produ\u00e7\u00e3o e distribui\u00e7\u00e3o de ovos de galinha e codorna para varejistas do Nordeste. Com uma produ\u00e7\u00e3o de mais de 2 milh\u00f5es de ovos por dia, a Avine \u00e9 destaque em inova\u00e7\u00e3o, com uso de tecnologias e automa\u00e7\u00e3o, al\u00e9m de solu\u00e7\u00f5es avan\u00e7adas de biosseguran\u00e7a e prote\u00e7\u00e3o do meio ambiente.[\/vc_column_text][\/vc_column][\/vc_row]<\/p>\n","protected":false},"excerpt":{"rendered":"<p>[vc_row][vc_column][vc_column_text]A gest\u00e3o de processos busca melhorias nos processos organizacionais das empresas, com isso se conquistam melhores resultados por meio do mapeamento da atua\u00e7\u00e3o dos funcion\u00e1rios e indicadores de desempenho. Desta forma, gest\u00e3o da Avine identificou a oportunidade de melhorar a gest\u00e3o dos seus processos [&hellip;]<\/p>\n","protected":false},"author":46,"featured_media":9749,"comment_status":"closed","ping_status":"open","sticky":false,"template":"","format":"standard","meta":{"_jetpack_memberships_contains_paid_content":false,"footnotes":""},"categories":[28,40],"tags":[60,61,36,39,32],"class_list":["post-9739","post","type-post","status-publish","format-standard","has-post-thumbnail","hentry","category-gestao-de-processos","category-cases","tag-analise-e-redesenho-de-processos","tag-avine","tag-cases","tag-gestao-de-processos","tag-portfolio-gestao"],"aioseo_notices":[],"jetpack_sharing_enabled":true,"jetpack_featured_media_url":"https:\/\/i0.wp.com\/blog.grupoportfolio.com.br\/portfolio-formacao\/wp-content\/uploads\/sites\/3\/2024\/07\/CASE-AVINE.jpg?fit=800%2C600&ssl=1","_links":{"self":[{"href":"https:\/\/blog.grupoportfolio.com.br\/portfolio-gestao\/wp-json\/wp\/v2\/posts\/9739","targetHints":{"allow":["GET"]}}],"collection":[{"href":"https:\/\/blog.grupoportfolio.com.br\/portfolio-gestao\/wp-json\/wp\/v2\/posts"}],"about":[{"href":"https:\/\/blog.grupoportfolio.com.br\/portfolio-gestao\/wp-json\/wp\/v2\/types\/post"}],"author":[{"embeddable":true,"href":"https:\/\/blog.grupoportfolio.com.br\/portfolio-gestao\/wp-json\/wp\/v2\/users\/46"}],"replies":[{"embeddable":true,"href":"https:\/\/blog.grupoportfolio.com.br\/portfolio-gestao\/wp-json\/wp\/v2\/comments?post=9739"}],"version-history":[{"count":3,"href":"https:\/\/blog.grupoportfolio.com.br\/portfolio-gestao\/wp-json\/wp\/v2\/posts\/9739\/revisions"}],"predecessor-version":[{"id":9748,"href":"https:\/\/blog.grupoportfolio.com.br\/portfolio-gestao\/wp-json\/wp\/v2\/posts\/9739\/revisions\/9748"}],"wp:featuredmedia":[{"embeddable":true,"href":"https:\/\/blog.grupoportfolio.com.br\/portfolio-gestao\/wp-json\/wp\/v2\/media\/9749"}],"wp:attachment":[{"href":"https:\/\/blog.grupoportfolio.com.br\/portfolio-gestao\/wp-json\/wp\/v2\/media?parent=9739"}],"wp:term":[{"taxonomy":"category","embeddable":true,"href":"https:\/\/blog.grupoportfolio.com.br\/portfolio-gestao\/wp-json\/wp\/v2\/categories?post=9739"},{"taxonomy":"post_tag","embeddable":true,"href":"https:\/\/blog.grupoportfolio.com.br\/portfolio-gestao\/wp-json\/wp\/v2\/tags?post=9739"}],"curies":[{"name":"wp","href":"https:\/\/api.w.org\/{rel}","templated":true}]}}