{"id":9624,"date":"2022-03-15T08:49:58","date_gmt":"2022-03-15T11:49:58","guid":{"rendered":"https:\/\/blog.grupoportfolio.com.br\/portfolio-gestao\/?p=9624"},"modified":"2022-03-16T08:52:14","modified_gmt":"2022-03-16T11:52:14","slug":"analise-e-redesenho-de-processos-na-companhia-de-cimento-apodi","status":"publish","type":"post","link":"https:\/\/blog.grupoportfolio.com.br\/portfolio-gestao\/2022\/03\/15\/analise-e-redesenho-de-processos-na-companhia-de-cimento-apodi\/","title":{"rendered":"An\u00e1lise e redesenho de processos na Companhia de Cimento Apodi\u00a0"},"content":{"rendered":"<p>[vc_row][vc_column][vc_column_text]<span data-contrast=\"auto\">Mais um ciclo de transforma\u00e7\u00e3o de processos finalizado na Companhia Industrial de Cimento Apodi. O projeto, iniciado em maio de 2021, teve como objetivo a <a href=\"https:\/\/blog.grupoportfolio.com.br\/portfolio-gestao\/gestao-de-processos\/\">an\u00e1lise e redesenho de processos<\/a> da Companhia, escolhidos como priorit\u00e1rios de serem trabalhados pelos gestores, buscando aprimoramento de suas atividades e dissemina\u00e7\u00e3o da metodologia de processos.<\/span><span data-ccp-props=\"{&quot;201341983&quot;:0,&quot;335559739&quot;:160,&quot;335559740&quot;:257}\">\u00a0<\/span><\/p>\n<p><span data-contrast=\"auto\">O projeto, que contou com o envolvimento de 15 \u00e1reas de neg\u00f3cios da empresa, foi conduzido pela Gerente de Projetos Carol Albano e a Consultora de Processos Rafaela Cunha, sob a coordena\u00e7\u00e3o de projetos e processos de Euclea Tavares.\u00a0<\/span><span data-ccp-props=\"{&quot;201341983&quot;:0,&quot;335559739&quot;:160,&quot;335559740&quot;:257}\">\u00a0<\/span><\/p>\n<p><span data-contrast=\"auto\">As equipes identificaram mais de 100 oportunidades de melhorias, envolvendo a delimita\u00e7\u00e3o de regras de neg\u00f3cio, automatiza\u00e7\u00e3o de atividades e fortalecimento de uma cultura orientada de processos na organiza\u00e7\u00e3o.<\/span><span data-ccp-props=\"{&quot;201341983&quot;:0,&quot;335559739&quot;:160,&quot;335559740&quot;:257}\">\u00a0<\/span><\/p>\n<h2><b><span data-contrast=\"auto\">Sobre a empresa<\/span><\/b><span data-ccp-props=\"{&quot;201341983&quot;:0,&quot;335559739&quot;:160,&quot;335559740&quot;:257}\">\u00a0<\/span><\/h2>\n<p>&nbsp;<\/p>\n<p><span data-contrast=\"auto\"><img data-recalc-dims=\"1\" decoding=\"async\" class=\" wp-image-9626 alignleft\" src=\"https:\/\/i0.wp.com\/blog.grupoportfolio.com.br\/portfolio-formacao\/wp-content\/uploads\/sites\/3\/2022\/03\/LOGO-ATUAL-APODI.jpeg?resize=260%2C58&#038;ssl=1\" alt=\"\" width=\"260\" height=\"58\" srcset=\"https:\/\/i0.wp.com\/blog.grupoportfolio.com.br\/portfolio-formacao\/wp-content\/uploads\/sites\/3\/2022\/03\/LOGO-ATUAL-APODI.jpeg?resize=300%2C66&amp;ssl=1 300w, https:\/\/i0.wp.com\/blog.grupoportfolio.com.br\/portfolio-formacao\/wp-content\/uploads\/sites\/3\/2022\/03\/LOGO-ATUAL-APODI.jpeg?resize=1024%2C224&amp;ssl=1 1024w, https:\/\/i0.wp.com\/blog.grupoportfolio.com.br\/portfolio-formacao\/wp-content\/uploads\/sites\/3\/2022\/03\/LOGO-ATUAL-APODI.jpeg?resize=768%2C168&amp;ssl=1 768w, https:\/\/i0.wp.com\/blog.grupoportfolio.com.br\/portfolio-formacao\/wp-content\/uploads\/sites\/3\/2022\/03\/LOGO-ATUAL-APODI.jpeg?w=1280&amp;ssl=1 1280w\" sizes=\"(max-width: 260px) 100vw, 260px\" \/>A <a href=\"https:\/\/www.cimentoapodi.com.br\/\">Cimento Apodi<\/a> est\u00e1 presente nas regi\u00f5es Norte e Nordeste do Brasil com um portf\u00f3lio diversificado de produtos e solu\u00e7\u00f5es para a constru\u00e7\u00e3o civil. Suas unidades de produ\u00e7\u00e3o, na cidade de Quixer\u00e9\/CE e no Complexo Industrial e Portu\u00e1rio do Pec\u00e9m, t\u00eam, juntas, capacidade para produzir mais de dois milh\u00f5es de toneladas de cimento ao ano.<\/span><span data-ccp-props=\"{&quot;201341983&quot;:0,&quot;335559739&quot;:160,&quot;335559740&quot;:257}\">\u00a0<\/span>[\/vc_column_text][\/vc_column][\/vc_row]<\/p>\n","protected":false},"excerpt":{"rendered":"<p>[vc_row][vc_column][vc_column_text]Mais um ciclo de transforma\u00e7\u00e3o de processos finalizado na Companhia Industrial de Cimento Apodi. O projeto, iniciado em maio de 2021, teve como objetivo a an\u00e1lise e redesenho de processos da Companhia, escolhidos como priorit\u00e1rios de serem trabalhados pelos gestores, buscando aprimoramento de suas [&hellip;]<\/p>\n","protected":false},"author":12,"featured_media":9625,"comment_status":"closed","ping_status":"open","sticky":false,"template":"","format":"standard","meta":{"_jetpack_memberships_contains_paid_content":false,"footnotes":""},"categories":[28],"tags":[47,39,32,38,52],"class_list":["post-9624","post","type-post","status-publish","format-standard","has-post-thumbnail","hentry","category-gestao-de-processos","tag-analise-de-processos","tag-gestao-de-processos","tag-portfolio-gestao","tag-processos","tag-transformacao-de-processos"],"aioseo_notices":[],"jetpack_sharing_enabled":true,"jetpack_featured_media_url":"https:\/\/i0.wp.com\/blog.grupoportfolio.com.br\/portfolio-formacao\/wp-content\/uploads\/sites\/3\/2022\/03\/ENTREGA-DE-SUCESSO-APODI-BLOG.png?fit=800%2C600&ssl=1","_links":{"self":[{"href":"https:\/\/blog.grupoportfolio.com.br\/portfolio-gestao\/wp-json\/wp\/v2\/posts\/9624","targetHints":{"allow":["GET"]}}],"collection":[{"href":"https:\/\/blog.grupoportfolio.com.br\/portfolio-gestao\/wp-json\/wp\/v2\/posts"}],"about":[{"href":"https:\/\/blog.grupoportfolio.com.br\/portfolio-gestao\/wp-json\/wp\/v2\/types\/post"}],"author":[{"embeddable":true,"href":"https:\/\/blog.grupoportfolio.com.br\/portfolio-gestao\/wp-json\/wp\/v2\/users\/12"}],"replies":[{"embeddable":true,"href":"https:\/\/blog.grupoportfolio.com.br\/portfolio-gestao\/wp-json\/wp\/v2\/comments?post=9624"}],"version-history":[{"count":4,"href":"https:\/\/blog.grupoportfolio.com.br\/portfolio-gestao\/wp-json\/wp\/v2\/posts\/9624\/revisions"}],"predecessor-version":[{"id":9661,"href":"https:\/\/blog.grupoportfolio.com.br\/portfolio-gestao\/wp-json\/wp\/v2\/posts\/9624\/revisions\/9661"}],"wp:featuredmedia":[{"embeddable":true,"href":"https:\/\/blog.grupoportfolio.com.br\/portfolio-gestao\/wp-json\/wp\/v2\/media\/9625"}],"wp:attachment":[{"href":"https:\/\/blog.grupoportfolio.com.br\/portfolio-gestao\/wp-json\/wp\/v2\/media?parent=9624"}],"wp:term":[{"taxonomy":"category","embeddable":true,"href":"https:\/\/blog.grupoportfolio.com.br\/portfolio-gestao\/wp-json\/wp\/v2\/categories?post=9624"},{"taxonomy":"post_tag","embeddable":true,"href":"https:\/\/blog.grupoportfolio.com.br\/portfolio-gestao\/wp-json\/wp\/v2\/tags?post=9624"}],"curies":[{"name":"wp","href":"https:\/\/api.w.org\/{rel}","templated":true}]}}