{"id":9284,"date":"2022-02-11T09:03:54","date_gmt":"2022-02-11T12:03:54","guid":{"rendered":"https:\/\/blog.grupoportfolio.com.br\/portfolio-gestao\/?p=9284"},"modified":"2022-02-25T09:12:06","modified_gmt":"2022-02-25T12:12:06","slug":"proposta-do-novo-modelo-de-gestao-e-estrutura-organizacional-da-operacao-dos-mercadinhos-sao-luiz","status":"publish","type":"post","link":"https:\/\/blog.grupoportfolio.com.br\/portfolio-gestao\/2022\/02\/11\/proposta-do-novo-modelo-de-gestao-e-estrutura-organizacional-da-operacao-dos-mercadinhos-sao-luiz\/","title":{"rendered":"Proposta do novo modelo de gest\u00e3o e estrutura organizacional da Opera\u00e7\u00e3o dos Mercadinhos S\u00e3o Luiz"},"content":{"rendered":"<p>[vc_row][vc_column][vc_column_text]A <a href=\"https:\/\/blog.grupoportfolio.com.br\/portfolio-gestao\">Portfolio Gest\u00e3o<\/a> realizou mais uma entrega de sucesso na \u00faltima quarta-feira (2\/2), com a apresenta\u00e7\u00e3o da proposta do novo <a href=\"https:\/\/blog.grupoportfolio.com.br\/portfolio-gestao\/gestao-da-estrategia\/\">modelo de gest\u00e3o e estrutura organizacional<\/a> da opera\u00e7\u00e3o dos Mercadinhos S\u00e3o Luiz.<\/p>\n<p>A apresenta\u00e7\u00e3o contou com a participa\u00e7\u00e3o das principais lideran\u00e7as do cliente, bem como da equipe de projetos e processos da Portfolio Gest\u00e3o, nosso CEO Cassio Germano, o Gerente de Projetos Diogo Fontenele e a equipe de processos representada pelos consultores Caio Rodrigo e Rafaela Cunha.<\/p>\n<p><img data-recalc-dims=\"1\" fetchpriority=\"high\" decoding=\"async\" class=\"aligncenter wp-image-9361 size-full\" src=\"https:\/\/i0.wp.com\/blog.grupoportfolio.com.br\/portfolio-formacao\/wp-content\/uploads\/sites\/3\/2022\/02\/Mercadinhos-Sao-Luiz.png?resize=800%2C600&#038;ssl=1\" alt=\"Mercadinhos S\u00e3o Luiz\" width=\"800\" height=\"600\" srcset=\"https:\/\/i0.wp.com\/blog.grupoportfolio.com.br\/portfolio-formacao\/wp-content\/uploads\/sites\/3\/2022\/02\/Mercadinhos-Sao-Luiz.png?w=800&amp;ssl=1 800w, https:\/\/i0.wp.com\/blog.grupoportfolio.com.br\/portfolio-formacao\/wp-content\/uploads\/sites\/3\/2022\/02\/Mercadinhos-Sao-Luiz.png?resize=300%2C225&amp;ssl=1 300w, https:\/\/i0.wp.com\/blog.grupoportfolio.com.br\/portfolio-formacao\/wp-content\/uploads\/sites\/3\/2022\/02\/Mercadinhos-Sao-Luiz.png?resize=768%2C576&amp;ssl=1 768w\" sizes=\"(max-width: 800px) 100vw, 800px\" \/><\/p>\n<p>Com o <strong>projeto de Reestrutura\u00e7\u00e3o do Modelo de Gest\u00e3o da \u00e1rea operacional<\/strong> a equipe de consultores realizou an\u00e1lises na opera\u00e7\u00e3o dos modelos de neg\u00f3cio da rede de supermercados, identificando<strong> oportunidades de melhoria e de novos projetos<\/strong> a serem estruturados, sempre buscando o crescimento sustent\u00e1vel e aumento de produtividade para fortalecer a marca da rede Mercadinhos S\u00e3o Luiz.<\/p>\n<h2>Sobre a empresa<\/h2>\n<p><img data-recalc-dims=\"1\" decoding=\"async\" class=\"alignleft wp-image-7202\" src=\"https:\/\/i0.wp.com\/blog.grupoportfolio.com.br\/portfolio-formacao\/wp-content\/uploads\/sites\/3\/2020\/07\/MERCADINHO-SAO-LUIZ.png?resize=181%2C181&#038;ssl=1\" alt=\"Logo Mercadinhos S\u00e3o Luiz\" width=\"181\" height=\"181\" \/>A rede de supermercados <a href=\"http:\/\/mercadinhossaoluiz.com.br\">Mercadinhos S\u00e3o Luiz<\/a> atua h\u00e1 50 anos no Cear\u00e1 como uma das maiores redes supermercadistas do estado. Com lojas de alto padr\u00e3o de qualidade e a miss\u00e3o de atender de forma \u00fanica os seus clientes, a rede \u00e9 reconhecida pelo GPTW como umas das melhores empresas do varejo para se trabalhar no Brasil.[\/vc_column_text][\/vc_column][\/vc_row]<\/p>\n","protected":false},"excerpt":{"rendered":"<p>[vc_row][vc_column][vc_column_text]A Portfolio Gest\u00e3o realizou mais uma entrega de sucesso na \u00faltima quarta-feira (2\/2), com a apresenta\u00e7\u00e3o da proposta do novo modelo de gest\u00e3o e estrutura organizacional da opera\u00e7\u00e3o dos Mercadinhos S\u00e3o Luiz. A apresenta\u00e7\u00e3o contou com a participa\u00e7\u00e3o das principais lideran\u00e7as do cliente, bem [&hellip;]<\/p>\n","protected":false},"author":12,"featured_media":9586,"comment_status":"closed","ping_status":"open","sticky":false,"template":"","format":"standard","meta":{"_jetpack_memberships_contains_paid_content":false,"footnotes":""},"categories":[26,40],"tags":[33,31,43,45,32],"class_list":["post-9284","post","type-post","status-publish","format-standard","has-post-thumbnail","hentry","category-gestao-da-estrategia","category-cases","tag-estrategia","tag-gestao","tag-gestao-da-estrategia","tag-modelo-de-gestao","tag-portfolio-gestao"],"aioseo_notices":[],"jetpack_sharing_enabled":true,"jetpack_featured_media_url":"https:\/\/i0.wp.com\/blog.grupoportfolio.com.br\/portfolio-formacao\/wp-content\/uploads\/sites\/3\/2022\/02\/SAO-LUIZ-1.png?fit=800%2C600&ssl=1","_links":{"self":[{"href":"https:\/\/blog.grupoportfolio.com.br\/portfolio-gestao\/wp-json\/wp\/v2\/posts\/9284","targetHints":{"allow":["GET"]}}],"collection":[{"href":"https:\/\/blog.grupoportfolio.com.br\/portfolio-gestao\/wp-json\/wp\/v2\/posts"}],"about":[{"href":"https:\/\/blog.grupoportfolio.com.br\/portfolio-gestao\/wp-json\/wp\/v2\/types\/post"}],"author":[{"embeddable":true,"href":"https:\/\/blog.grupoportfolio.com.br\/portfolio-gestao\/wp-json\/wp\/v2\/users\/12"}],"replies":[{"embeddable":true,"href":"https:\/\/blog.grupoportfolio.com.br\/portfolio-gestao\/wp-json\/wp\/v2\/comments?post=9284"}],"version-history":[{"count":3,"href":"https:\/\/blog.grupoportfolio.com.br\/portfolio-gestao\/wp-json\/wp\/v2\/posts\/9284\/revisions"}],"predecessor-version":[{"id":9544,"href":"https:\/\/blog.grupoportfolio.com.br\/portfolio-gestao\/wp-json\/wp\/v2\/posts\/9284\/revisions\/9544"}],"wp:featuredmedia":[{"embeddable":true,"href":"https:\/\/blog.grupoportfolio.com.br\/portfolio-gestao\/wp-json\/wp\/v2\/media\/9586"}],"wp:attachment":[{"href":"https:\/\/blog.grupoportfolio.com.br\/portfolio-gestao\/wp-json\/wp\/v2\/media?parent=9284"}],"wp:term":[{"taxonomy":"category","embeddable":true,"href":"https:\/\/blog.grupoportfolio.com.br\/portfolio-gestao\/wp-json\/wp\/v2\/categories?post=9284"},{"taxonomy":"post_tag","embeddable":true,"href":"https:\/\/blog.grupoportfolio.com.br\/portfolio-gestao\/wp-json\/wp\/v2\/tags?post=9284"}],"curies":[{"name":"wp","href":"https:\/\/api.w.org\/{rel}","templated":true}]}}