{"id":9217,"date":"2022-02-04T15:54:10","date_gmt":"2022-02-04T18:54:10","guid":{"rendered":"https:\/\/blog.grupoportfolio.com.br\/portfolio-gestao\/?p=9217"},"modified":"2022-02-25T09:26:24","modified_gmt":"2022-02-25T12:26:24","slug":"implantacao-do-escritorio-de-gerenciamento-de-projetos-pmo-do-sistema-verdes-mares","status":"publish","type":"post","link":"https:\/\/blog.grupoportfolio.com.br\/portfolio-gestao\/2022\/02\/04\/implantacao-do-escritorio-de-gerenciamento-de-projetos-pmo-do-sistema-verdes-mares\/","title":{"rendered":"Implanta\u00e7\u00e3o do Escrit\u00f3rio de Gerenciamento de Projetos (PMO) do Sistema Verdes Mares"},"content":{"rendered":"<p>A\u00a0<strong><a href=\"https:\/\/blog.grupoportfolio.com.br\/portfolio-gestao\/\">Portfolio Gest\u00e3o<\/a><\/strong> realizou a implanta\u00e7\u00e3o do Escrit\u00f3rio de Gerenciamento de Projetos (PMO) e gerenciamento de projetos no setor de TI no <a href=\"https:\/\/grupoedsonqueiroz.com.br\/nossos-negocios\/comunicac%CC%A7a%CC%83o\/\">Sistema Verdes Mares.<\/a> A partir da cria\u00e7\u00e3o do PMO, todos os projetos da organiza\u00e7\u00e3o passaram a ser gerenciados atrav\u00e9s da metodologia estabelecida, com gest\u00e3o direcionada aos objetivos estrat\u00e9gicos.<\/p>\n<p>O projeto, em parceria com as equipes da Portfolio Tech, tamb\u00e9m abrangeu:<\/p>\n<ul>\n<li>Assessoramento \u00e0 equipe do N\u00facleo de Pesquisa de M\u00eddias;<\/li>\n<li>Desenvolvimento dos Dashboards para utiliza\u00e7\u00e3o em relat\u00f3rios, pesquisas, infogr\u00e1ficos e produ\u00e7\u00e3o de conte\u00fado para publicidade e jornalismo;<\/li>\n<li>Implanta\u00e7\u00e3o de <a href=\"https:\/\/blog.grupoportfolio.com.br\/portfolio-tech\/2022\/01\/26\/capacitacao-em-self-service-bi-no-sistema-verdes-mares\/\">metodologia de Self-Service BI<\/a>, com ferramenta de Power BI.<\/li>\n<\/ul>\n<h2><img data-recalc-dims=\"1\" fetchpriority=\"high\" decoding=\"async\" class=\"aligncenter wp-image-8206 size-full\" src=\"https:\/\/i0.wp.com\/blog.grupoportfolio.com.br\/portfolio-formacao\/wp-content\/uploads\/sites\/3\/2020\/09\/SISTEMA-VERDES-MARES.jpg?resize=800%2C600&#038;ssl=1\" alt=\"\" width=\"800\" height=\"600\" srcset=\"https:\/\/i0.wp.com\/blog.grupoportfolio.com.br\/portfolio-formacao\/wp-content\/uploads\/sites\/3\/2020\/09\/SISTEMA-VERDES-MARES.jpg?w=800&amp;ssl=1 800w, https:\/\/i0.wp.com\/blog.grupoportfolio.com.br\/portfolio-formacao\/wp-content\/uploads\/sites\/3\/2020\/09\/SISTEMA-VERDES-MARES.jpg?resize=300%2C225&amp;ssl=1 300w, https:\/\/i0.wp.com\/blog.grupoportfolio.com.br\/portfolio-formacao\/wp-content\/uploads\/sites\/3\/2020\/09\/SISTEMA-VERDES-MARES.jpg?resize=768%2C576&amp;ssl=1 768w\" sizes=\"(max-width: 800px) 100vw, 800px\" \/><\/h2>\n<h2>Sobre a empresa<\/h2>\n<p><img data-recalc-dims=\"1\" decoding=\"async\" class=\"size-full wp-image-9339 alignleft\" src=\"https:\/\/i0.wp.com\/blog.grupoportfolio.com.br\/portfolio-formacao\/wp-content\/uploads\/sites\/3\/2022\/02\/svm.png?resize=210%2C210&#038;ssl=1\" alt=\"\" width=\"210\" height=\"210\" srcset=\"https:\/\/i0.wp.com\/blog.grupoportfolio.com.br\/portfolio-formacao\/wp-content\/uploads\/sites\/3\/2022\/02\/svm.png?w=210&amp;ssl=1 210w, https:\/\/i0.wp.com\/blog.grupoportfolio.com.br\/portfolio-formacao\/wp-content\/uploads\/sites\/3\/2022\/02\/svm.png?resize=150%2C150&amp;ssl=1 150w\" sizes=\"(max-width: 210px) 100vw, 210px\" \/><\/p>\n<div class=\"blog-content\">\n<div class=\"vc_row wpb_row vc_row-fluid\">\n<div class=\"wpb_column vc_column_container vc_col-sm-12\">\n<div class=\"vc_column-inner\">\n<div class=\"wpb_wrapper\">\n<div class=\"wpb_text_column wpb_content_element \">\n<div class=\"wpb_wrapper\">\n<p>O\u00a0<a href=\"https:\/\/grupoedsonqueiroz.com.br\/nossos-negocios\/comunicac%CC%A7a%CC%83o\/\">Sistema Verdes Mares<\/a> atua h\u00e1 mais de cinco d\u00e9cadas em prol da comunica\u00e7\u00e3o do Estado. \u00c9 reconhecido como um dos mais s\u00f3lidos e completos grupos de comunica\u00e7\u00e3o do Brasil. Fazem parte do SVM os ve\u00edculos: TV Verdes Mares, TV Verdes Mares Cariri, Jornal Di\u00e1rio do Nordeste, TV Di\u00e1rio, R\u00e1dio Verdes Mares, FM 93, Recife FM e R\u00e1dio Tamoio.<\/p>\n<\/div>\n<\/div>\n<\/div>\n<\/div>\n<\/div>\n<\/div>\n<\/div>\n<div class=\"meta-content\">\n<div class=\"blog-social-sharing\"><\/div>\n<\/div>\n","protected":false},"excerpt":{"rendered":"<p>A\u00a0Portfolio Gest\u00e3o realizou a implanta\u00e7\u00e3o do Escrit\u00f3rio de Gerenciamento de Projetos (PMO) e gerenciamento de projetos no setor de TI no Sistema Verdes Mares. A partir da cria\u00e7\u00e3o do PMO, todos os projetos da organiza\u00e7\u00e3o passaram a ser gerenciados atrav\u00e9s da metodologia estabelecida, com [&hellip;]<\/p>\n","protected":false},"author":12,"featured_media":9597,"comment_status":"closed","ping_status":"open","sticky":false,"template":"","format":"standard","meta":{"_jetpack_memberships_contains_paid_content":false,"footnotes":""},"categories":[27,40],"tags":[51,34,50,35],"class_list":["post-9217","post","type-post","status-publish","format-standard","has-post-thumbnail","hentry","category-gestao-de-projetos","category-cases","tag-escritorio-de-projetos","tag-gerenciamento-de-projetos","tag-pmo","tag-projetos"],"aioseo_notices":[],"jetpack_sharing_enabled":true,"jetpack_featured_media_url":"https:\/\/i0.wp.com\/blog.grupoportfolio.com.br\/portfolio-formacao\/wp-content\/uploads\/sites\/3\/2022\/02\/SISTEMA-VERDES-MARES-GESTAO.png?fit=800%2C600&ssl=1","_links":{"self":[{"href":"https:\/\/blog.grupoportfolio.com.br\/portfolio-gestao\/wp-json\/wp\/v2\/posts\/9217","targetHints":{"allow":["GET"]}}],"collection":[{"href":"https:\/\/blog.grupoportfolio.com.br\/portfolio-gestao\/wp-json\/wp\/v2\/posts"}],"about":[{"href":"https:\/\/blog.grupoportfolio.com.br\/portfolio-gestao\/wp-json\/wp\/v2\/types\/post"}],"author":[{"embeddable":true,"href":"https:\/\/blog.grupoportfolio.com.br\/portfolio-gestao\/wp-json\/wp\/v2\/users\/12"}],"replies":[{"embeddable":true,"href":"https:\/\/blog.grupoportfolio.com.br\/portfolio-gestao\/wp-json\/wp\/v2\/comments?post=9217"}],"version-history":[{"count":2,"href":"https:\/\/blog.grupoportfolio.com.br\/portfolio-gestao\/wp-json\/wp\/v2\/posts\/9217\/revisions"}],"predecessor-version":[{"id":9569,"href":"https:\/\/blog.grupoportfolio.com.br\/portfolio-gestao\/wp-json\/wp\/v2\/posts\/9217\/revisions\/9569"}],"wp:featuredmedia":[{"embeddable":true,"href":"https:\/\/blog.grupoportfolio.com.br\/portfolio-gestao\/wp-json\/wp\/v2\/media\/9597"}],"wp:attachment":[{"href":"https:\/\/blog.grupoportfolio.com.br\/portfolio-gestao\/wp-json\/wp\/v2\/media?parent=9217"}],"wp:term":[{"taxonomy":"category","embeddable":true,"href":"https:\/\/blog.grupoportfolio.com.br\/portfolio-gestao\/wp-json\/wp\/v2\/categories?post=9217"},{"taxonomy":"post_tag","embeddable":true,"href":"https:\/\/blog.grupoportfolio.com.br\/portfolio-gestao\/wp-json\/wp\/v2\/tags?post=9217"}],"curies":[{"name":"wp","href":"https:\/\/api.w.org\/{rel}","templated":true}]}}