{"id":9210,"date":"2022-02-04T15:48:19","date_gmt":"2022-02-04T18:48:19","guid":{"rendered":"https:\/\/blog.grupoportfolio.com.br\/portfolio-gestao\/?p=9210"},"modified":"2022-02-25T09:29:44","modified_gmt":"2022-02-25T12:29:44","slug":"implantacao-do-projeto-de-transformacao-de-processos-no-mercadinho-sao-luiz","status":"publish","type":"post","link":"https:\/\/blog.grupoportfolio.com.br\/portfolio-gestao\/2022\/02\/04\/implantacao-do-projeto-de-transformacao-de-processos-no-mercadinho-sao-luiz\/","title":{"rendered":"Implanta\u00e7\u00e3o do projeto de transforma\u00e7\u00e3o de processos nos Supermercadinhos S\u00e3o Luiz"},"content":{"rendered":"<p style=\"text-align: justify;\">A<a href=\"https:\/\/blog.grupoportfolio.com.br\/portfolio-gestao\/\" target=\"_blank\" rel=\"noopener\"><strong> Portfolio Gest\u00e3o<\/strong><\/a> implantou o projeto de transforma\u00e7\u00e3o de processos nos <a href=\"https:\/\/www.mercadinhossaoluiz.com.br\/\" target=\"_blank\" rel=\"noopener\">Supermercadinhos S\u00e3o Luiz<\/a>, empresa com 50 anos de exist\u00eancia e que possui uma das maiores cadeias de supermercados do estado do Cear\u00e1.<\/p>\n<p style=\"text-align: justify;\">O projeto teve foco no redesenho dos processos de Abastecimento e Negocia\u00e7\u00e3o de Produtos.<\/p>\n<p style=\"text-align: justify;\">Com o trabalho realizado, os processos de neg\u00f3cio foram estruturados de forma a atender as necessidades identificadas, para uma melhor log\u00edstica de trabalho e com modelo padr\u00e3o do neg\u00f3cio para replicar em outras unidades.<\/p>\n<h2><img data-recalc-dims=\"1\" fetchpriority=\"high\" decoding=\"async\" class=\"aligncenter wp-image-8209 size-full\" src=\"https:\/\/i0.wp.com\/blog.grupoportfolio.com.br\/portfolio-formacao\/wp-content\/uploads\/sites\/3\/2020\/09\/SUPER-MERCADINHOS-SAO-LUIZ.jpg?resize=800%2C600&#038;ssl=1\" alt=\"SUPERMERCADINHOS SAO LUIZ\" width=\"800\" height=\"600\" srcset=\"https:\/\/i0.wp.com\/blog.grupoportfolio.com.br\/portfolio-formacao\/wp-content\/uploads\/sites\/3\/2020\/09\/SUPER-MERCADINHOS-SAO-LUIZ.jpg?w=800&amp;ssl=1 800w, https:\/\/i0.wp.com\/blog.grupoportfolio.com.br\/portfolio-formacao\/wp-content\/uploads\/sites\/3\/2020\/09\/SUPER-MERCADINHOS-SAO-LUIZ.jpg?resize=300%2C225&amp;ssl=1 300w, https:\/\/i0.wp.com\/blog.grupoportfolio.com.br\/portfolio-formacao\/wp-content\/uploads\/sites\/3\/2020\/09\/SUPER-MERCADINHOS-SAO-LUIZ.jpg?resize=768%2C576&amp;ssl=1 768w\" sizes=\"(max-width: 800px) 100vw, 800px\" \/>Sobre a empresa<\/h2>\n<p><img data-recalc-dims=\"1\" decoding=\"async\" class=\"size-full wp-image-9380 alignleft\" src=\"https:\/\/i0.wp.com\/blog.grupoportfolio.com.br\/portfolio-formacao\/wp-content\/uploads\/sites\/3\/2022\/02\/Sao-Luiz.png?resize=210%2C210&#038;ssl=1\" alt=\"\" width=\"210\" height=\"210\" srcset=\"https:\/\/i0.wp.com\/blog.grupoportfolio.com.br\/portfolio-formacao\/wp-content\/uploads\/sites\/3\/2022\/02\/Sao-Luiz.png?w=210&amp;ssl=1 210w, https:\/\/i0.wp.com\/blog.grupoportfolio.com.br\/portfolio-formacao\/wp-content\/uploads\/sites\/3\/2022\/02\/Sao-Luiz.png?resize=150%2C150&amp;ssl=1 150w\" sizes=\"(max-width: 210px) 100vw, 210px\" \/>O Mercadinho S\u00e3o Luiz possui 50 anos no mercado, considerada uma das maiores empresas supermercadistas cearenses. Com diversas lojas em Fortaleza, Regi\u00e3o Metropolitana e em Juazeiro do Norte.<\/p>\n","protected":false},"excerpt":{"rendered":"<p>A Portfolio Gest\u00e3o implantou o projeto de transforma\u00e7\u00e3o de processos nos Supermercadinhos S\u00e3o Luiz, empresa com 50 anos de exist\u00eancia e que possui uma das maiores cadeias de supermercados do estado do Cear\u00e1. O projeto teve foco no redesenho dos processos de Abastecimento e [&hellip;]<\/p>\n","protected":false},"author":12,"featured_media":9586,"comment_status":"closed","ping_status":"open","sticky":false,"template":"","format":"standard","meta":{"_jetpack_memberships_contains_paid_content":false,"footnotes":""},"categories":[28,40],"tags":[31,39,38],"class_list":["post-9210","post","type-post","status-publish","format-standard","has-post-thumbnail","hentry","category-gestao-de-processos","category-cases","tag-gestao","tag-gestao-de-processos","tag-processos"],"aioseo_notices":[],"jetpack_sharing_enabled":true,"jetpack_featured_media_url":"https:\/\/i0.wp.com\/blog.grupoportfolio.com.br\/portfolio-formacao\/wp-content\/uploads\/sites\/3\/2022\/02\/SAO-LUIZ-1.png?fit=800%2C600&ssl=1","_links":{"self":[{"href":"https:\/\/blog.grupoportfolio.com.br\/portfolio-gestao\/wp-json\/wp\/v2\/posts\/9210","targetHints":{"allow":["GET"]}}],"collection":[{"href":"https:\/\/blog.grupoportfolio.com.br\/portfolio-gestao\/wp-json\/wp\/v2\/posts"}],"about":[{"href":"https:\/\/blog.grupoportfolio.com.br\/portfolio-gestao\/wp-json\/wp\/v2\/types\/post"}],"author":[{"embeddable":true,"href":"https:\/\/blog.grupoportfolio.com.br\/portfolio-gestao\/wp-json\/wp\/v2\/users\/12"}],"replies":[{"embeddable":true,"href":"https:\/\/blog.grupoportfolio.com.br\/portfolio-gestao\/wp-json\/wp\/v2\/comments?post=9210"}],"version-history":[{"count":3,"href":"https:\/\/blog.grupoportfolio.com.br\/portfolio-gestao\/wp-json\/wp\/v2\/posts\/9210\/revisions"}],"predecessor-version":[{"id":9574,"href":"https:\/\/blog.grupoportfolio.com.br\/portfolio-gestao\/wp-json\/wp\/v2\/posts\/9210\/revisions\/9574"}],"wp:featuredmedia":[{"embeddable":true,"href":"https:\/\/blog.grupoportfolio.com.br\/portfolio-gestao\/wp-json\/wp\/v2\/media\/9586"}],"wp:attachment":[{"href":"https:\/\/blog.grupoportfolio.com.br\/portfolio-gestao\/wp-json\/wp\/v2\/media?parent=9210"}],"wp:term":[{"taxonomy":"category","embeddable":true,"href":"https:\/\/blog.grupoportfolio.com.br\/portfolio-gestao\/wp-json\/wp\/v2\/categories?post=9210"},{"taxonomy":"post_tag","embeddable":true,"href":"https:\/\/blog.grupoportfolio.com.br\/portfolio-gestao\/wp-json\/wp\/v2\/tags?post=9210"}],"curies":[{"name":"wp","href":"https:\/\/api.w.org\/{rel}","templated":true}]}}