{"id":9208,"date":"2022-02-04T15:42:59","date_gmt":"2022-02-04T18:42:59","guid":{"rendered":"https:\/\/blog.grupoportfolio.com.br\/portfolio-gestao\/?p=9208"},"modified":"2022-02-25T09:30:26","modified_gmt":"2022-02-25T12:30:26","slug":"complexo-stimma-tem-otimizacao-e-gerenciamento-das-suas-atividades","status":"publish","type":"post","link":"https:\/\/blog.grupoportfolio.com.br\/portfolio-gestao\/2022\/02\/04\/complexo-stimma-tem-otimizacao-e-gerenciamento-das-suas-atividades\/","title":{"rendered":"Transforma\u00e7\u00e3o de processos relacionados \u00e0 jornada do cliente no Complexo Stimma"},"content":{"rendered":"<p style=\"text-align: justify;\">A<a href=\"https:\/\/blog.grupoportfolio.com.br\/portfolio-gestao\/\"><strong> Portfolio Gest\u00e3o<\/strong><\/a>\u00a0realizou a transforma\u00e7\u00e3o dos processos relacionados \u00e0 jornada do cliente no <a href=\"https:\/\/complexostimma.com.br\/\" target=\"_blank\" rel=\"noopener\">Complexo Stimma<\/a>, o que proporcionou a otimiza\u00e7\u00e3o e o melhor gerenciamento das atividades envolvidas.<\/p>\n<h2><img data-recalc-dims=\"1\" fetchpriority=\"high\" decoding=\"async\" class=\"aligncenter wp-image-8197 size-full\" src=\"https:\/\/i0.wp.com\/blog.grupoportfolio.com.br\/portfolio-formacao\/wp-content\/uploads\/sites\/3\/2020\/09\/COMPLEXO-STTIMA.jpg?resize=800%2C600&#038;ssl=1\" alt=\"Complexo Stimma\" width=\"800\" height=\"600\" srcset=\"https:\/\/i0.wp.com\/blog.grupoportfolio.com.br\/portfolio-formacao\/wp-content\/uploads\/sites\/3\/2020\/09\/COMPLEXO-STTIMA.jpg?w=800&amp;ssl=1 800w, https:\/\/i0.wp.com\/blog.grupoportfolio.com.br\/portfolio-formacao\/wp-content\/uploads\/sites\/3\/2020\/09\/COMPLEXO-STTIMA.jpg?resize=300%2C225&amp;ssl=1 300w, https:\/\/i0.wp.com\/blog.grupoportfolio.com.br\/portfolio-formacao\/wp-content\/uploads\/sites\/3\/2020\/09\/COMPLEXO-STTIMA.jpg?resize=768%2C576&amp;ssl=1 768w\" sizes=\"(max-width: 800px) 100vw, 800px\" \/><\/h2>\n<h2>Sobre a empresa<\/h2>\n<p><img data-recalc-dims=\"1\" decoding=\"async\" class=\"size-full wp-image-9395 alignleft\" src=\"https:\/\/i0.wp.com\/blog.grupoportfolio.com.br\/portfolio-formacao\/wp-content\/uploads\/sites\/3\/2022\/02\/complexo-stima.png?resize=210%2C210&#038;ssl=1\" alt=\"\" width=\"210\" height=\"210\" srcset=\"https:\/\/i0.wp.com\/blog.grupoportfolio.com.br\/portfolio-formacao\/wp-content\/uploads\/sites\/3\/2022\/02\/complexo-stima.png?w=210&amp;ssl=1 210w, https:\/\/i0.wp.com\/blog.grupoportfolio.com.br\/portfolio-formacao\/wp-content\/uploads\/sites\/3\/2022\/02\/complexo-stima.png?resize=150%2C150&amp;ssl=1 150w\" sizes=\"(max-width: 210px) 100vw, 210px\" \/>O complexo Stimma \u00e9 o maior complexo de sa\u00fade, est\u00e9tica e bem-estar do Cear\u00e1. A empresa conta com diversas especialidades como: cirurgia pl\u00e1stica, nutrologia, dermatologia, est\u00e9tica, nutri\u00e7\u00e3o e odontologia.<\/p>\n","protected":false},"excerpt":{"rendered":"<p>A Portfolio Gest\u00e3o\u00a0realizou a transforma\u00e7\u00e3o dos processos relacionados \u00e0 jornada do cliente no Complexo Stimma, o que proporcionou a otimiza\u00e7\u00e3o e o melhor gerenciamento das atividades envolvidas. Sobre a empresa O complexo Stimma \u00e9 o maior complexo de sa\u00fade, est\u00e9tica e bem-estar do Cear\u00e1. [&hellip;]<\/p>\n","protected":false},"author":12,"featured_media":9587,"comment_status":"closed","ping_status":"open","sticky":false,"template":"","format":"standard","meta":{"_jetpack_memberships_contains_paid_content":false,"footnotes":""},"categories":[28,40],"tags":[39,38,52],"class_list":["post-9208","post","type-post","status-publish","format-standard","has-post-thumbnail","hentry","category-gestao-de-processos","category-cases","tag-gestao-de-processos","tag-processos","tag-transformacao-de-processos"],"aioseo_notices":[],"jetpack_sharing_enabled":true,"jetpack_featured_media_url":"https:\/\/i0.wp.com\/blog.grupoportfolio.com.br\/portfolio-formacao\/wp-content\/uploads\/sites\/3\/2022\/02\/STIMMA.png?fit=800%2C600&ssl=1","_links":{"self":[{"href":"https:\/\/blog.grupoportfolio.com.br\/portfolio-gestao\/wp-json\/wp\/v2\/posts\/9208","targetHints":{"allow":["GET"]}}],"collection":[{"href":"https:\/\/blog.grupoportfolio.com.br\/portfolio-gestao\/wp-json\/wp\/v2\/posts"}],"about":[{"href":"https:\/\/blog.grupoportfolio.com.br\/portfolio-gestao\/wp-json\/wp\/v2\/types\/post"}],"author":[{"embeddable":true,"href":"https:\/\/blog.grupoportfolio.com.br\/portfolio-gestao\/wp-json\/wp\/v2\/users\/12"}],"replies":[{"embeddable":true,"href":"https:\/\/blog.grupoportfolio.com.br\/portfolio-gestao\/wp-json\/wp\/v2\/comments?post=9208"}],"version-history":[{"count":3,"href":"https:\/\/blog.grupoportfolio.com.br\/portfolio-gestao\/wp-json\/wp\/v2\/posts\/9208\/revisions"}],"predecessor-version":[{"id":9577,"href":"https:\/\/blog.grupoportfolio.com.br\/portfolio-gestao\/wp-json\/wp\/v2\/posts\/9208\/revisions\/9577"}],"wp:featuredmedia":[{"embeddable":true,"href":"https:\/\/blog.grupoportfolio.com.br\/portfolio-gestao\/wp-json\/wp\/v2\/media\/9587"}],"wp:attachment":[{"href":"https:\/\/blog.grupoportfolio.com.br\/portfolio-gestao\/wp-json\/wp\/v2\/media?parent=9208"}],"wp:term":[{"taxonomy":"category","embeddable":true,"href":"https:\/\/blog.grupoportfolio.com.br\/portfolio-gestao\/wp-json\/wp\/v2\/categories?post=9208"},{"taxonomy":"post_tag","embeddable":true,"href":"https:\/\/blog.grupoportfolio.com.br\/portfolio-gestao\/wp-json\/wp\/v2\/tags?post=9208"}],"curies":[{"name":"wp","href":"https:\/\/api.w.org\/{rel}","templated":true}]}}