{"id":9199,"date":"2022-02-04T15:35:31","date_gmt":"2022-02-04T18:35:31","guid":{"rendered":"https:\/\/blog.grupoportfolio.com.br\/portfolio-gestao\/?p=9199"},"modified":"2022-02-25T10:14:14","modified_gmt":"2022-02-25T13:14:14","slug":"entendimento-e-analise-de-processos-da-casa-dos-ventos","status":"publish","type":"post","link":"https:\/\/blog.grupoportfolio.com.br\/portfolio-gestao\/2022\/02\/04\/entendimento-e-analise-de-processos-da-casa-dos-ventos\/","title":{"rendered":"Entendimento e an\u00e1lise de processos da Casa dos Ventos"},"content":{"rendered":"<p style=\"text-align: justify;\">A <a href=\"https:\/\/blog.grupoportfolio.com.br\/portfolio-gestao\/\" target=\"_blank\" rel=\"noopener\"><strong>Portfolio Gest\u00e3o<\/strong><\/a>\u00a0realizou o trabalho de apoio \u00e0 sele\u00e7\u00e3o de um novo ERP, por meio do entendimento e an\u00e1lise dos processos, o que proporcionou \u00e0 <a href=\"https:\/\/casadosventos.com.br\/\">Casa dos Ventos<\/a> o mapeamento e identifica\u00e7\u00e3o de melhorias para cada processo envolvido, al\u00e9m da estrutura\u00e7\u00e3o dos requisitos para serem atendidos pelo novo ERP.<\/p>\n<p style=\"text-align: justify;\">Com a execu\u00e7\u00e3o deste trabalho, foi poss\u00edvel uma an\u00e1lise mais assertiva dos fornecedores e dos sistemas, visto que foi identificado o percentual de ader\u00eancia de cada ERP e Fornecedor \u00e0 necessidade da Casa dos Ventos.<\/p>\n<h2><img data-recalc-dims=\"1\" fetchpriority=\"high\" decoding=\"async\" class=\"aligncenter wp-image-8196 size-full\" src=\"https:\/\/i0.wp.com\/blog.grupoportfolio.com.br\/portfolio-formacao\/wp-content\/uploads\/sites\/3\/2020\/09\/CASA-DOS-VENTOS.jpg?resize=800%2C600&#038;ssl=1\" alt=\"\" width=\"800\" height=\"600\" srcset=\"https:\/\/i0.wp.com\/blog.grupoportfolio.com.br\/portfolio-formacao\/wp-content\/uploads\/sites\/3\/2020\/09\/CASA-DOS-VENTOS.jpg?w=800&amp;ssl=1 800w, https:\/\/i0.wp.com\/blog.grupoportfolio.com.br\/portfolio-formacao\/wp-content\/uploads\/sites\/3\/2020\/09\/CASA-DOS-VENTOS.jpg?resize=300%2C225&amp;ssl=1 300w, https:\/\/i0.wp.com\/blog.grupoportfolio.com.br\/portfolio-formacao\/wp-content\/uploads\/sites\/3\/2020\/09\/CASA-DOS-VENTOS.jpg?resize=768%2C576&amp;ssl=1 768w\" sizes=\"(max-width: 800px) 100vw, 800px\" \/><\/h2>\n<h2>Sobre a empresa<\/h2>\n<p><img data-recalc-dims=\"1\" decoding=\"async\" class=\"size-full wp-image-9427 alignleft\" src=\"https:\/\/i0.wp.com\/blog.grupoportfolio.com.br\/portfolio-formacao\/wp-content\/uploads\/sites\/3\/2022\/02\/casa-dos-ventos.png?resize=210%2C210&#038;ssl=1\" alt=\"\" width=\"210\" height=\"210\" srcset=\"https:\/\/i0.wp.com\/blog.grupoportfolio.com.br\/portfolio-formacao\/wp-content\/uploads\/sites\/3\/2022\/02\/casa-dos-ventos.png?w=210&amp;ssl=1 210w, https:\/\/i0.wp.com\/blog.grupoportfolio.com.br\/portfolio-formacao\/wp-content\/uploads\/sites\/3\/2022\/02\/casa-dos-ventos.png?resize=150%2C150&amp;ssl=1 150w\" sizes=\"(max-width: 210px) 100vw, 210px\" \/>A Casa dos Ventos \u00e9 uma das pioneiras no ramo de energia sustent\u00e1vel em todo o Brasil, sendo uma das principais investidoras do pa\u00eds no ramo de energia e\u00f3lica e \u00e9 refer\u00eancia no setor.<\/p>\n","protected":false},"excerpt":{"rendered":"<p>A Portfolio Gest\u00e3o\u00a0realizou o trabalho de apoio \u00e0 sele\u00e7\u00e3o de um novo ERP, por meio do entendimento e an\u00e1lise dos processos, o que proporcionou \u00e0 Casa dos Ventos o mapeamento e identifica\u00e7\u00e3o de melhorias para cada processo envolvido, al\u00e9m da estrutura\u00e7\u00e3o dos requisitos para [&hellip;]<\/p>\n","protected":false},"author":12,"featured_media":9612,"comment_status":"closed","ping_status":"open","sticky":false,"template":"","format":"standard","meta":{"_jetpack_memberships_contains_paid_content":false,"footnotes":""},"categories":[28,40],"tags":[47,34,39],"class_list":["post-9199","post","type-post","status-publish","format-standard","has-post-thumbnail","hentry","category-gestao-de-processos","category-cases","tag-analise-de-processos","tag-gerenciamento-de-projetos","tag-gestao-de-processos"],"aioseo_notices":[],"jetpack_sharing_enabled":true,"jetpack_featured_media_url":"https:\/\/i0.wp.com\/blog.grupoportfolio.com.br\/portfolio-formacao\/wp-content\/uploads\/sites\/3\/2022\/02\/CASA-DOS-VENTOS-1.png?fit=800%2C600&ssl=1","_links":{"self":[{"href":"https:\/\/blog.grupoportfolio.com.br\/portfolio-gestao\/wp-json\/wp\/v2\/posts\/9199","targetHints":{"allow":["GET"]}}],"collection":[{"href":"https:\/\/blog.grupoportfolio.com.br\/portfolio-gestao\/wp-json\/wp\/v2\/posts"}],"about":[{"href":"https:\/\/blog.grupoportfolio.com.br\/portfolio-gestao\/wp-json\/wp\/v2\/types\/post"}],"author":[{"embeddable":true,"href":"https:\/\/blog.grupoportfolio.com.br\/portfolio-gestao\/wp-json\/wp\/v2\/users\/12"}],"replies":[{"embeddable":true,"href":"https:\/\/blog.grupoportfolio.com.br\/portfolio-gestao\/wp-json\/wp\/v2\/comments?post=9199"}],"version-history":[{"count":3,"href":"https:\/\/blog.grupoportfolio.com.br\/portfolio-gestao\/wp-json\/wp\/v2\/posts\/9199\/revisions"}],"predecessor-version":[{"id":9581,"href":"https:\/\/blog.grupoportfolio.com.br\/portfolio-gestao\/wp-json\/wp\/v2\/posts\/9199\/revisions\/9581"}],"wp:featuredmedia":[{"embeddable":true,"href":"https:\/\/blog.grupoportfolio.com.br\/portfolio-gestao\/wp-json\/wp\/v2\/media\/9612"}],"wp:attachment":[{"href":"https:\/\/blog.grupoportfolio.com.br\/portfolio-gestao\/wp-json\/wp\/v2\/media?parent=9199"}],"wp:term":[{"taxonomy":"category","embeddable":true,"href":"https:\/\/blog.grupoportfolio.com.br\/portfolio-gestao\/wp-json\/wp\/v2\/categories?post=9199"},{"taxonomy":"post_tag","embeddable":true,"href":"https:\/\/blog.grupoportfolio.com.br\/portfolio-gestao\/wp-json\/wp\/v2\/tags?post=9199"}],"curies":[{"name":"wp","href":"https:\/\/api.w.org\/{rel}","templated":true}]}}