{"id":9046,"date":"2022-01-14T11:29:27","date_gmt":"2022-01-14T14:29:27","guid":{"rendered":"https:\/\/blog.grupoportfolio.com.br\/portfolio-gestao\/?p=9046"},"modified":"2022-02-25T09:04:50","modified_gmt":"2022-02-25T12:04:50","slug":"transformacao-de-processos-para-a-organizacao-farias-brito","status":"publish","type":"post","link":"https:\/\/blog.grupoportfolio.com.br\/portfolio-gestao\/2022\/01\/14\/transformacao-de-processos-para-a-organizacao-farias-brito\/","title":{"rendered":"Transforma\u00e7\u00e3o de processos para a Organiza\u00e7\u00e3o Farias Brito"},"content":{"rendered":"<p>[vc_row][vc_column][vc_column_text]<\/p>\r\n<p>A Portfolio Gest\u00e3o realizou o servi\u00e7o de <strong>transforma\u00e7\u00e3o de processos<\/strong> da Organiza\u00e7\u00e3o Educacional Farias Brito. O projeto englobou as atividades de Movimenta\u00e7\u00e3o de Pessoal, Gest\u00e3o de Contratos, Gest\u00e3o de Demandas Jur\u00eddicas e Gest\u00e3o de Demandas de Viagens.<\/p>\r\n\r\n<p>&nbsp;<\/p>\r\n\r\n<h2 class=\"wp-block-heading\">Objetivos<\/h2>\r\n\r\n<p>O foco principal do servi\u00e7o foi a<strong> otimiza\u00e7\u00e3o das atividades com a automa\u00e7\u00e3o de etapas<\/strong>, reduzindo os passos manuais. Todo o redesenho dos processos foi direcionado \u00e0 automa\u00e7\u00e3o via Lecom BPM, com a implementa\u00e7\u00e3o do BPMS sendo realizado pela pr\u00f3pria equipe da OEFB.<\/p>\r\n\r\n<p>&nbsp;<\/p>\r\n\r\n<h2 class=\"wp-block-heading\">Resultado<\/h2>\r\n\r\n<p>Como resultado, foi poss\u00edvel <strong>reduzir a tramita\u00e7\u00e3o de documentos f\u00edsicos entre unidades<\/strong>, e melhorar a din\u00e2mica das \u00e1reas envolvidas nos processos.<\/p>\r\n\r\n<p><\/p>\r\n<figure id=\"attachment_8198\" aria-describedby=\"caption-attachment-8198\" style=\"width: 800px\" class=\"wp-caption aligncenter\"><img data-recalc-dims=\"1\" fetchpriority=\"high\" decoding=\"async\" class=\"wp-image-8198 size-full\" src=\"https:\/\/i0.wp.com\/blog.grupoportfolio.com.br\/portfolio-formacao\/wp-content\/uploads\/sites\/3\/2020\/09\/FARIAS-BRITO.jpg?resize=800%2C600&#038;ssl=1\" alt=\"Organiza\u00e7\u00e3o Educacional Farias Brito\" width=\"800\" height=\"600\" srcset=\"https:\/\/i0.wp.com\/blog.grupoportfolio.com.br\/portfolio-formacao\/wp-content\/uploads\/sites\/3\/2020\/09\/FARIAS-BRITO.jpg?w=800&amp;ssl=1 800w, https:\/\/i0.wp.com\/blog.grupoportfolio.com.br\/portfolio-formacao\/wp-content\/uploads\/sites\/3\/2020\/09\/FARIAS-BRITO.jpg?resize=300%2C225&amp;ssl=1 300w, https:\/\/i0.wp.com\/blog.grupoportfolio.com.br\/portfolio-formacao\/wp-content\/uploads\/sites\/3\/2020\/09\/FARIAS-BRITO.jpg?resize=768%2C576&amp;ssl=1 768w\" sizes=\"(max-width: 800px) 100vw, 800px\" \/><figcaption id=\"caption-attachment-8198\" class=\"wp-caption-text\">Organiza\u00e7\u00e3o Educacional Farias Brito<\/figcaption><\/figure>\r\n<h2 class=\"wp-block-heading\">Sobre a empresa<\/h2>\r\n<p>\r\n\r\n<\/p>\r\n<div class=\"wp-block-media-text alignwide is-stacked-on-mobile\" style=\"grid-template-columns: 43% auto;\">\r\n<figure class=\"wp-block-media-text__media\"><img data-recalc-dims=\"1\" decoding=\"async\" class=\"alignnone wp-image-9048 size-medium\" src=\"https:\/\/i0.wp.com\/blog.grupoportfolio.com.br\/portfolio-formacao\/wp-content\/uploads\/sites\/3\/2022\/01\/OEFB.jpg?resize=300%2C260&#038;ssl=1\" alt=\"\" width=\"300\" height=\"260\" srcset=\"https:\/\/i0.wp.com\/blog.grupoportfolio.com.br\/portfolio-formacao\/wp-content\/uploads\/sites\/3\/2022\/01\/OEFB.jpg?resize=300%2C260&amp;ssl=1 300w, https:\/\/i0.wp.com\/blog.grupoportfolio.com.br\/portfolio-formacao\/wp-content\/uploads\/sites\/3\/2022\/01\/OEFB.jpg?resize=1024%2C886&amp;ssl=1 1024w, https:\/\/i0.wp.com\/blog.grupoportfolio.com.br\/portfolio-formacao\/wp-content\/uploads\/sites\/3\/2022\/01\/OEFB.jpg?resize=768%2C664&amp;ssl=1 768w, https:\/\/i0.wp.com\/blog.grupoportfolio.com.br\/portfolio-formacao\/wp-content\/uploads\/sites\/3\/2022\/01\/OEFB.jpg?w=1052&amp;ssl=1 1052w\" sizes=\"(max-width: 300px) 100vw, 300px\" \/><\/figure>\r\n<div class=\"wp-block-media-text__content\">\r\n<p>Organiza\u00e7\u00e3o Educacional Farias Brito \u00e9 um grupo escolar privado fundado em 1935, que tem por miss\u00e3o a forma\u00e7\u00e3o integral do aluno. Hoje, s\u00e3o 16 escolas em sua estrutura e com um dos melhores \u00edndices de aprova\u00e7\u00e3o nos principais concursos vestibulares do Brasil.<\/p>\r\n<\/div>\r\n<\/div>\r\n<p><\/p>\r\n<p>\u00a0<\/p>\r\n<p><\/p>\r\n<p>&nbsp;<\/p>\r\n<p>[\/vc_column_text][\/vc_column][\/vc_row]<\/p>","protected":false},"excerpt":{"rendered":"<p>Projeto de transforma\u00e7\u00e3o de processos na Organiza\u00e7\u00e3o Educacional Farias Brito englobou as atividades de Movimenta\u00e7\u00e3o de Pessoal, Gest\u00e3o de Contratos, Gest\u00e3o de Demandas Jur\u00eddicas e Gest\u00e3o de Demandas de Viagens. \u00a0<\/p>\n","protected":false},"author":12,"featured_media":9593,"comment_status":"closed","ping_status":"open","sticky":false,"template":"","format":"standard","meta":{"_jetpack_memberships_contains_paid_content":false,"footnotes":""},"categories":[28],"tags":[36,37,39,32,38],"class_list":["post-9046","post","type-post","status-publish","format-standard","has-post-thumbnail","hentry","category-gestao-de-processos","tag-cases","tag-consultoria","tag-gestao-de-processos","tag-portfolio-gestao","tag-processos"],"aioseo_notices":[],"jetpack_sharing_enabled":true,"jetpack_featured_media_url":"https:\/\/i0.wp.com\/blog.grupoportfolio.com.br\/portfolio-formacao\/wp-content\/uploads\/sites\/3\/2022\/02\/FARIAS-BRITO-GESTAO.png?fit=800%2C600&ssl=1","_links":{"self":[{"href":"https:\/\/blog.grupoportfolio.com.br\/portfolio-gestao\/wp-json\/wp\/v2\/posts\/9046","targetHints":{"allow":["GET"]}}],"collection":[{"href":"https:\/\/blog.grupoportfolio.com.br\/portfolio-gestao\/wp-json\/wp\/v2\/posts"}],"about":[{"href":"https:\/\/blog.grupoportfolio.com.br\/portfolio-gestao\/wp-json\/wp\/v2\/types\/post"}],"author":[{"embeddable":true,"href":"https:\/\/blog.grupoportfolio.com.br\/portfolio-gestao\/wp-json\/wp\/v2\/users\/12"}],"replies":[{"embeddable":true,"href":"https:\/\/blog.grupoportfolio.com.br\/portfolio-gestao\/wp-json\/wp\/v2\/comments?post=9046"}],"version-history":[{"count":3,"href":"https:\/\/blog.grupoportfolio.com.br\/portfolio-gestao\/wp-json\/wp\/v2\/posts\/9046\/revisions"}],"predecessor-version":[{"id":9605,"href":"https:\/\/blog.grupoportfolio.com.br\/portfolio-gestao\/wp-json\/wp\/v2\/posts\/9046\/revisions\/9605"}],"wp:featuredmedia":[{"embeddable":true,"href":"https:\/\/blog.grupoportfolio.com.br\/portfolio-gestao\/wp-json\/wp\/v2\/media\/9593"}],"wp:attachment":[{"href":"https:\/\/blog.grupoportfolio.com.br\/portfolio-gestao\/wp-json\/wp\/v2\/media?parent=9046"}],"wp:term":[{"taxonomy":"category","embeddable":true,"href":"https:\/\/blog.grupoportfolio.com.br\/portfolio-gestao\/wp-json\/wp\/v2\/categories?post=9046"},{"taxonomy":"post_tag","embeddable":true,"href":"https:\/\/blog.grupoportfolio.com.br\/portfolio-gestao\/wp-json\/wp\/v2\/tags?post=9046"}],"curies":[{"name":"wp","href":"https:\/\/api.w.org\/{rel}","templated":true}]}}