{"id":9037,"date":"2022-01-14T14:23:39","date_gmt":"2022-01-14T17:23:39","guid":{"rendered":"https:\/\/blog.grupoportfolio.com.br\/portfolio-gestao\/?p=9037"},"modified":"2022-02-25T09:05:12","modified_gmt":"2022-02-25T12:05:12","slug":"consultoria-em-gestao-de-projetos-na-m-dias-branco","status":"publish","type":"post","link":"https:\/\/blog.grupoportfolio.com.br\/portfolio-gestao\/2022\/01\/14\/consultoria-em-gestao-de-projetos-na-m-dias-branco\/","title":{"rendered":"Consultoria em Gest\u00e3o de Projetos na M. Dias Branco"},"content":{"rendered":"\r\n<p>A Portfolio Gest\u00e3o realizou consultoria em gerenciamento de projetos na empresa M. Dias Branco. O trabalho incluiu:<\/p>\r\n\r\n\r\n\r\n<ul class=\"wp-block-list\">\r\n<li>Desenvolvimento e implanta\u00e7\u00e3o de metodologia padr\u00e3o<\/li>\r\n<li>Mentoring<\/li>\r\n<li>Monitoramento e controle de projetos e PMO<\/li>\r\n<li>Auditorias<\/li>\r\n<li>Revis\u00f5es p\u00f3s\u2010gerenciamento<\/li>\r\n<li>Treinamentos e capacita\u00e7\u00f5es de gestores e colaboradores<\/li>\r\n<\/ul>\r\n\r\n\r\n\r\n<h2 class=\"wp-block-heading\" id=\"sobre-a-empresa\">Sobre a empresa<\/h2>\r\n\r\n\r\n\r\n<div class=\"wp-block-media-text alignwide is-stacked-on-mobile\" style=\"grid-template-columns: 30% auto;\">\r\n<figure class=\"wp-block-media-text__media\"><img data-recalc-dims=\"1\" decoding=\"async\" width=\"210\" height=\"210\" class=\"wp-image-9118 size-full\" src=\"https:\/\/i0.wp.com\/blog.grupoportfolio.com.br\/portfolio-formacao\/wp-content\/uploads\/sites\/3\/2022\/01\/M-DIAS-BRANCO.png?resize=210%2C210&#038;ssl=1\" alt=\"M. Dias Branco\" srcset=\"https:\/\/i0.wp.com\/blog.grupoportfolio.com.br\/portfolio-formacao\/wp-content\/uploads\/sites\/3\/2022\/01\/M-DIAS-BRANCO.png?w=210&amp;ssl=1 210w, https:\/\/i0.wp.com\/blog.grupoportfolio.com.br\/portfolio-formacao\/wp-content\/uploads\/sites\/3\/2022\/01\/M-DIAS-BRANCO.png?resize=150%2C150&amp;ssl=1 150w\" sizes=\"(max-width: 210px) 100vw, 210px\" \/><\/figure>\r\n<div class=\"wp-block-media-text__content\">\r\n<p>A M. Dias Branco \u00e9 uma das maiores ind\u00fastrias de alimentos do Brasil, l\u00edder nacional nos mercados de massas e biscoitos, e entre as maiores do mundo nestes segmentos, com 65 anos de hist\u00f3ria.<\/p>\r\n<\/div>\r\n<\/div>\r\n\r\n\r\n\r\n<p>Com 14 unidades industriais e diversas unidades comerciais distribu\u00eddas em importantes cidades brasileiras, a empresa cearense conta com um moderno parque industrial e um sistema log\u00edstico estrategicamente localizado para atender com qualidade uma grande variedade de clientes, al\u00e9m de mais de 16 mil colaboradores auxiliando na sua bem-sucedida atua\u00e7\u00e3o.<\/p>\r\n","protected":false},"excerpt":{"rendered":"<p>A Portfolio Gest\u00e3o realizou consultoria em gerenciamento de projetos na empresa M. Dias Branco.<\/p>\n","protected":false},"author":12,"featured_media":9585,"comment_status":"closed","ping_status":"open","sticky":false,"template":"","format":"standard","meta":{"_jetpack_memberships_contains_paid_content":false,"footnotes":""},"categories":[27],"tags":[36,37,33,34,32,35],"class_list":["post-9037","post","type-post","status-publish","format-standard","has-post-thumbnail","hentry","category-gestao-de-projetos","tag-cases","tag-consultoria","tag-estrategia","tag-gerenciamento-de-projetos","tag-portfolio-gestao","tag-projetos"],"aioseo_notices":[],"jetpack_sharing_enabled":true,"jetpack_featured_media_url":"https:\/\/i0.wp.com\/blog.grupoportfolio.com.br\/portfolio-formacao\/wp-content\/uploads\/sites\/3\/2022\/02\/M-DIAS-BRANCO.png?fit=800%2C600&ssl=1","_links":{"self":[{"href":"https:\/\/blog.grupoportfolio.com.br\/portfolio-gestao\/wp-json\/wp\/v2\/posts\/9037","targetHints":{"allow":["GET"]}}],"collection":[{"href":"https:\/\/blog.grupoportfolio.com.br\/portfolio-gestao\/wp-json\/wp\/v2\/posts"}],"about":[{"href":"https:\/\/blog.grupoportfolio.com.br\/portfolio-gestao\/wp-json\/wp\/v2\/types\/post"}],"author":[{"embeddable":true,"href":"https:\/\/blog.grupoportfolio.com.br\/portfolio-gestao\/wp-json\/wp\/v2\/users\/12"}],"replies":[{"embeddable":true,"href":"https:\/\/blog.grupoportfolio.com.br\/portfolio-gestao\/wp-json\/wp\/v2\/comments?post=9037"}],"version-history":[{"count":3,"href":"https:\/\/blog.grupoportfolio.com.br\/portfolio-gestao\/wp-json\/wp\/v2\/posts\/9037\/revisions"}],"predecessor-version":[{"id":9603,"href":"https:\/\/blog.grupoportfolio.com.br\/portfolio-gestao\/wp-json\/wp\/v2\/posts\/9037\/revisions\/9603"}],"wp:featuredmedia":[{"embeddable":true,"href":"https:\/\/blog.grupoportfolio.com.br\/portfolio-gestao\/wp-json\/wp\/v2\/media\/9585"}],"wp:attachment":[{"href":"https:\/\/blog.grupoportfolio.com.br\/portfolio-gestao\/wp-json\/wp\/v2\/media?parent=9037"}],"wp:term":[{"taxonomy":"category","embeddable":true,"href":"https:\/\/blog.grupoportfolio.com.br\/portfolio-gestao\/wp-json\/wp\/v2\/categories?post=9037"},{"taxonomy":"post_tag","embeddable":true,"href":"https:\/\/blog.grupoportfolio.com.br\/portfolio-gestao\/wp-json\/wp\/v2\/tags?post=9037"}],"curies":[{"name":"wp","href":"https:\/\/api.w.org\/{rel}","templated":true}]}}