{"id":8818,"date":"2021-12-02T10:33:35","date_gmt":"2021-12-02T13:33:35","guid":{"rendered":"https:\/\/blog.grupoportfolio.com.br\/portfolio-gestao\/?p=8818"},"modified":"2022-02-25T09:04:24","modified_gmt":"2022-02-25T12:04:24","slug":"planejamento-estrategico-da-solar-coca-cola","status":"publish","type":"post","link":"https:\/\/blog.grupoportfolio.com.br\/portfolio-gestao\/2021\/12\/02\/planejamento-estrategico-da-solar-coca-cola\/","title":{"rendered":"Planejamento estrat\u00e9gico da Solar Coca-Cola"},"content":{"rendered":"<p>[vc_row][vc_column][vc_column_text]<\/p>\r\n<p>A<strong> Portfolio Gest\u00e3o<\/strong>\u00a0executou um <strong>projeto estrat\u00e9gico<\/strong> na <strong>Solar Coca-Cola<\/strong>, para apoiar a estrutura\u00e7\u00e3o de algumas \u00e1reas da empresa. O projeto foi de extrema relev\u00e2ncia e apoiou mudan\u00e7as estrat\u00e9gicas na Solar.<\/p>\r\n\r\n<p>&nbsp;<\/p>\r\n\r\n<h2 class=\"wp-block-heading\"><img data-recalc-dims=\"1\" fetchpriority=\"high\" decoding=\"async\" class=\"aligncenter wp-image-8387 size-full\" src=\"https:\/\/i0.wp.com\/blog.grupoportfolio.com.br\/portfolio-formacao\/wp-content\/uploads\/sites\/3\/2020\/10\/SOLAR.jpg?resize=800%2C600&#038;ssl=1\" alt=\"gestao estrategica solar cocacola\" width=\"800\" height=\"600\" srcset=\"https:\/\/i0.wp.com\/blog.grupoportfolio.com.br\/portfolio-formacao\/wp-content\/uploads\/sites\/3\/2020\/10\/SOLAR.jpg?w=800&amp;ssl=1 800w, https:\/\/i0.wp.com\/blog.grupoportfolio.com.br\/portfolio-formacao\/wp-content\/uploads\/sites\/3\/2020\/10\/SOLAR.jpg?resize=300%2C225&amp;ssl=1 300w, https:\/\/i0.wp.com\/blog.grupoportfolio.com.br\/portfolio-formacao\/wp-content\/uploads\/sites\/3\/2020\/10\/SOLAR.jpg?resize=768%2C576&amp;ssl=1 768w\" sizes=\"(max-width: 800px) 100vw, 800px\" \/><\/h2>\r\n<h2>Sobre a empresa<\/h2>\r\n\r\n<p>&nbsp;<\/p>\r\n\r\n<div class=\"wp-block-media-text alignwide is-stacked-on-mobile\" style=\"grid-template-columns: 39% auto;\">\r\n<figure class=\"wp-block-media-text__media\"><img data-recalc-dims=\"1\" decoding=\"async\" class=\"alignnone wp-image-9055 size-medium\" src=\"https:\/\/i0.wp.com\/blog.grupoportfolio.com.br\/portfolio-formacao\/wp-content\/uploads\/sites\/3\/2022\/01\/Solar-Coca-Cola.jpg?resize=300%2C200&#038;ssl=1\" alt=\"\" width=\"300\" height=\"200\" srcset=\"https:\/\/i0.wp.com\/blog.grupoportfolio.com.br\/portfolio-formacao\/wp-content\/uploads\/sites\/3\/2022\/01\/Solar-Coca-Cola.jpg?resize=300%2C200&amp;ssl=1 300w, https:\/\/i0.wp.com\/blog.grupoportfolio.com.br\/portfolio-formacao\/wp-content\/uploads\/sites\/3\/2022\/01\/Solar-Coca-Cola.jpg?w=728&amp;ssl=1 728w\" sizes=\"(max-width: 300px) 100vw, 300px\" \/><\/figure>\r\n<div class=\"wp-block-media-text__content\">\r\n<p>A Solar \u00e9 o segundo maior fabricante do Sistema Coca-Cola no Brasil e um dos maiores do mundo, com capacidade para produzir mais de tr\u00eas bilh\u00f5es de litros de bebida por ano para atender a mais de 320 mil pontos de venda. S\u00e3o mais de 12 mil colaboradores distribu\u00eddos em 9 f\u00e1bricas e 35 Centros de Distribui\u00e7\u00e3o, com atua\u00e7\u00e3o nos estados do Maranh\u00e3o, Piau\u00ed, Cear\u00e1, Rio Grande do Norte, Para\u00edba, Pernambuco, Alagoas, Sergipe, Bahia, Mato Grosso, parte de Tocantins e de Goi\u00e1s.<\/p>\r\n<p><\/p>\r\n<\/div>\r\n<\/div>\r\n\r\n<p>\u00a0<\/p>\r\n\r\n<p>\u00a0<\/p>\r\n\r\n<p>&nbsp;<\/p>\r\n<p>[\/vc_column_text][\/vc_column][\/vc_row]<\/p>","protected":false},"excerpt":{"rendered":"<p>A Portfolio Gest\u00e3o\u00a0executou um projeto estrat\u00e9gico na Solar Coca-Cola, para apoiar a estrutura\u00e7\u00e3o de algumas \u00e1reas da empresa. O projeto foi de extrema relev\u00e2ncia e apoiou mudan\u00e7as estrat\u00e9gicas na Solar.<\/p>\n","protected":false},"author":12,"featured_media":9598,"comment_status":"closed","ping_status":"open","sticky":false,"template":"","format":"standard","meta":{"_jetpack_memberships_contains_paid_content":false,"footnotes":""},"categories":[26,40],"tags":[36,33,31,29,32],"class_list":["post-8818","post","type-post","status-publish","format-standard","has-post-thumbnail","hentry","category-gestao-da-estrategia","category-cases","tag-cases","tag-estrategia","tag-gestao","tag-planejamento-estrategico","tag-portfolio-gestao"],"aioseo_notices":[],"jetpack_sharing_enabled":true,"jetpack_featured_media_url":"https:\/\/i0.wp.com\/blog.grupoportfolio.com.br\/portfolio-formacao\/wp-content\/uploads\/sites\/3\/2022\/02\/SOLAR.png?fit=800%2C600&ssl=1","_links":{"self":[{"href":"https:\/\/blog.grupoportfolio.com.br\/portfolio-gestao\/wp-json\/wp\/v2\/posts\/8818","targetHints":{"allow":["GET"]}}],"collection":[{"href":"https:\/\/blog.grupoportfolio.com.br\/portfolio-gestao\/wp-json\/wp\/v2\/posts"}],"about":[{"href":"https:\/\/blog.grupoportfolio.com.br\/portfolio-gestao\/wp-json\/wp\/v2\/types\/post"}],"author":[{"embeddable":true,"href":"https:\/\/blog.grupoportfolio.com.br\/portfolio-gestao\/wp-json\/wp\/v2\/users\/12"}],"replies":[{"embeddable":true,"href":"https:\/\/blog.grupoportfolio.com.br\/portfolio-gestao\/wp-json\/wp\/v2\/comments?post=8818"}],"version-history":[{"count":3,"href":"https:\/\/blog.grupoportfolio.com.br\/portfolio-gestao\/wp-json\/wp\/v2\/posts\/8818\/revisions"}],"predecessor-version":[{"id":9606,"href":"https:\/\/blog.grupoportfolio.com.br\/portfolio-gestao\/wp-json\/wp\/v2\/posts\/8818\/revisions\/9606"}],"wp:featuredmedia":[{"embeddable":true,"href":"https:\/\/blog.grupoportfolio.com.br\/portfolio-gestao\/wp-json\/wp\/v2\/media\/9598"}],"wp:attachment":[{"href":"https:\/\/blog.grupoportfolio.com.br\/portfolio-gestao\/wp-json\/wp\/v2\/media?parent=8818"}],"wp:term":[{"taxonomy":"category","embeddable":true,"href":"https:\/\/blog.grupoportfolio.com.br\/portfolio-gestao\/wp-json\/wp\/v2\/categories?post=8818"},{"taxonomy":"post_tag","embeddable":true,"href":"https:\/\/blog.grupoportfolio.com.br\/portfolio-gestao\/wp-json\/wp\/v2\/tags?post=8818"}],"curies":[{"name":"wp","href":"https:\/\/api.w.org\/{rel}","templated":true}]}}