{"id":8817,"date":"2021-12-02T10:33:25","date_gmt":"2021-12-02T13:33:25","guid":{"rendered":"https:\/\/blog.grupoportfolio.com.br\/portfolio-gestao\/?p=8817"},"modified":"2022-02-25T09:08:10","modified_gmt":"2022-02-25T12:08:10","slug":"planejamento-estrategico-da-secretaria-de-protecao-social-sps","status":"publish","type":"post","link":"https:\/\/blog.grupoportfolio.com.br\/portfolio-gestao\/2021\/12\/02\/planejamento-estrategico-da-secretaria-de-protecao-social-sps\/","title":{"rendered":"Planejamento estrat\u00e9gico da Secretaria de Prote\u00e7\u00e3o Social (SPS)"},"content":{"rendered":"<p>[vc_row][vc_column][vc_column_text]<\/p>\r\n<p>A <a href=\"https:\/\/blog.grupoportfolio.com.br\/portfolio-gestao\/\">Portfolio Gest\u00e3o<\/a>\u00a0conduziu o Planejamento Estrat\u00e9gico da Secretaria de Prote\u00e7\u00e3o Social, Justi\u00e7a, Cidadania, Mulheres e Direitos Humanos (SPS).<\/p>\r\n\r\n<p>Todas as pastas da Secretaria participaram do trabalho atrav\u00e9s de din\u00e2micas para a constru\u00e7\u00e3o da arquitetura de projetos, al\u00e9m do levantamento de oportunidades de melhoria, da defini\u00e7\u00e3o de objetivos estrat\u00e9gicos e dos indicadores e metas para a secretaria, visando os pr\u00f3ximos dois anos.<\/p>\r\n\r\n<p>O trabalho gerou uma entrega de grande relev\u00e2ncia para a SPS, portanto, contribuindo para o plano de futuro da Secretaria de forma estruturada e direcionada aos objetivos tra\u00e7ados.<\/p>\r\n<p> <img data-recalc-dims=\"1\" fetchpriority=\"high\" decoding=\"async\" class=\"aligncenter wp-image-8208 size-full\" src=\"https:\/\/i0.wp.com\/blog.grupoportfolio.com.br\/portfolio-formacao\/wp-content\/uploads\/sites\/3\/2020\/09\/SPS.jpg?resize=800%2C600&#038;ssl=1\" alt=\"gest\u00e3o estrategica Case Secretaria de Prote\u00e7\u00e3o Social, Justi\u00e7a, Cidadania, Mulheres e Direitos Humanos (SPS)\" width=\"800\" height=\"600\" srcset=\"https:\/\/i0.wp.com\/blog.grupoportfolio.com.br\/portfolio-formacao\/wp-content\/uploads\/sites\/3\/2020\/09\/SPS.jpg?w=800&amp;ssl=1 800w, https:\/\/i0.wp.com\/blog.grupoportfolio.com.br\/portfolio-formacao\/wp-content\/uploads\/sites\/3\/2020\/09\/SPS.jpg?resize=300%2C225&amp;ssl=1 300w, https:\/\/i0.wp.com\/blog.grupoportfolio.com.br\/portfolio-formacao\/wp-content\/uploads\/sites\/3\/2020\/09\/SPS.jpg?resize=768%2C576&amp;ssl=1 768w\" sizes=\"(max-width: 800px) 100vw, 800px\" \/><\/p>\r\n\r\n<h2 class=\"wp-block-heading\">\u00a0<\/h2>\r\n<h2>Sobre a empresa<\/h2>\r\n<p>\u00a0<\/p>\r\n\r\n<div class=\"wp-block-media-text alignwide is-stacked-on-mobile\" style=\"grid-template-columns: 28% auto;\">\r\n<figure class=\"wp-block-media-text__media\"><img data-recalc-dims=\"1\" decoding=\"async\" class=\"wp-image-9052 alignleft\" src=\"https:\/\/i0.wp.com\/blog.grupoportfolio.com.br\/portfolio-formacao\/wp-content\/uploads\/sites\/3\/2022\/01\/SPSCE.png?resize=187%2C160&#038;ssl=1\" alt=\"\" width=\"187\" height=\"160\" srcset=\"https:\/\/i0.wp.com\/blog.grupoportfolio.com.br\/portfolio-formacao\/wp-content\/uploads\/sites\/3\/2022\/01\/SPSCE.png?w=600&amp;ssl=1 600w, https:\/\/i0.wp.com\/blog.grupoportfolio.com.br\/portfolio-formacao\/wp-content\/uploads\/sites\/3\/2022\/01\/SPSCE.png?resize=300%2C257&amp;ssl=1 300w\" sizes=\"(max-width: 187px) 100vw, 187px\" \/><\/figure>\r\n<div class=\"wp-block-media-text__content\">\r\n<p>A <a href=\"https:\/\/www.sps.ce.gov.br\/\">Secretaria de Prote\u00e7\u00e3o Social, Justi\u00e7a, Cidadania, Mulheres e Direitos Humanos (SPS)<\/a> \u00e9 um \u00f3rg\u00e3o do Governo do Estado do Cear\u00e1 que coordena a formula\u00e7\u00e3o, a implementa\u00e7\u00e3o, o acompanhamento e avalia\u00e7\u00e3o das pol\u00edticas p\u00fablicas de assist\u00eancia social entre diversas a\u00e7\u00f5es de prote\u00e7\u00e3o dos grupos vulner\u00e1veis.<\/p>\r\n<p><\/p>\r\n<\/div>\r\n<\/div>\r\n\r\n<p>&nbsp;<\/p>\r\n\r\n<p>\u00a0<\/p>\r\n<p>[\/vc_column_text][\/vc_column][\/vc_row]<\/p>","protected":false},"excerpt":{"rendered":"<p>A Portfolio Gest\u00e3o\u00a0conduziu o Planejamento Estrat\u00e9gico da Secretaria de Prote\u00e7\u00e3o Social, Justi\u00e7a, Cidadania, Mulheres e Direitos Humanos (SPS).<\/p>\n","protected":false},"author":12,"featured_media":9599,"comment_status":"closed","ping_status":"open","sticky":false,"template":"","format":"standard","meta":{"_jetpack_memberships_contains_paid_content":false,"footnotes":""},"categories":[26,40],"tags":[36,37,33,29,32],"class_list":["post-8817","post","type-post","status-publish","format-standard","has-post-thumbnail","hentry","category-gestao-da-estrategia","category-cases","tag-cases","tag-consultoria","tag-estrategia","tag-planejamento-estrategico","tag-portfolio-gestao"],"aioseo_notices":[],"jetpack_sharing_enabled":true,"jetpack_featured_media_url":"https:\/\/i0.wp.com\/blog.grupoportfolio.com.br\/portfolio-formacao\/wp-content\/uploads\/sites\/3\/2022\/02\/SPS.png?fit=800%2C600&ssl=1","_links":{"self":[{"href":"https:\/\/blog.grupoportfolio.com.br\/portfolio-gestao\/wp-json\/wp\/v2\/posts\/8817","targetHints":{"allow":["GET"]}}],"collection":[{"href":"https:\/\/blog.grupoportfolio.com.br\/portfolio-gestao\/wp-json\/wp\/v2\/posts"}],"about":[{"href":"https:\/\/blog.grupoportfolio.com.br\/portfolio-gestao\/wp-json\/wp\/v2\/types\/post"}],"author":[{"embeddable":true,"href":"https:\/\/blog.grupoportfolio.com.br\/portfolio-gestao\/wp-json\/wp\/v2\/users\/12"}],"replies":[{"embeddable":true,"href":"https:\/\/blog.grupoportfolio.com.br\/portfolio-gestao\/wp-json\/wp\/v2\/comments?post=8817"}],"version-history":[{"count":4,"href":"https:\/\/blog.grupoportfolio.com.br\/portfolio-gestao\/wp-json\/wp\/v2\/posts\/8817\/revisions"}],"predecessor-version":[{"id":9608,"href":"https:\/\/blog.grupoportfolio.com.br\/portfolio-gestao\/wp-json\/wp\/v2\/posts\/8817\/revisions\/9608"}],"wp:featuredmedia":[{"embeddable":true,"href":"https:\/\/blog.grupoportfolio.com.br\/portfolio-gestao\/wp-json\/wp\/v2\/media\/9599"}],"wp:attachment":[{"href":"https:\/\/blog.grupoportfolio.com.br\/portfolio-gestao\/wp-json\/wp\/v2\/media?parent=8817"}],"wp:term":[{"taxonomy":"category","embeddable":true,"href":"https:\/\/blog.grupoportfolio.com.br\/portfolio-gestao\/wp-json\/wp\/v2\/categories?post=8817"},{"taxonomy":"post_tag","embeddable":true,"href":"https:\/\/blog.grupoportfolio.com.br\/portfolio-gestao\/wp-json\/wp\/v2\/tags?post=8817"}],"curies":[{"name":"wp","href":"https:\/\/api.w.org\/{rel}","templated":true}]}}